{"id":16143,"date":"2022-08-29T15:55:52","date_gmt":"2022-08-29T15:55:52","guid":{"rendered":"https:\/\/neutrale.al\/?p=16143"},"modified":"2022-08-29T15:55:52","modified_gmt":"2022-08-29T15:55:52","slug":"maliq-te-miturin-5-vjecar-e-perplas-bicikleta-perfundon-me-urgjence-ne-spital","status":"publish","type":"post","link":"https:\/\/neutrale.al\/index.php\/2022\/08\/29\/maliq-te-miturin-5-vjecar-e-perplas-bicikleta-perfundon-me-urgjence-ne-spital\/","title":{"rendered":"Maliq\/ T\u00eb miturin 5 vje\u00e7ar e p\u00ebrplas bi\u00e7ikleta, p\u00ebrfundon me urgjenc\u00eb n\u00eb spital."},"content":{"rendered":"<p>Ngjarja ka ndodhur dit\u00ebn e sotme rreth or\u00ebs \u00a016:40 n\u00eb fshatin Sovjan. <\/p>\n<p>M\u00ebsohet\u00a0 se\u00a0 f\u00ebmija 5 vje\u00e7ar \u00ebsht\u00eb goditur aksidentalisht nga nj\u00eb i mitur tjet\u00ebr me bi\u00e7iklet\u00eb. <\/p>\n<p>Maliq\/Informacion paraprak <\/p>\n<p>M\u00eb dat\u00eb 29.08.2022, rreth or\u00ebs 16:40, n\u00eb Spitalin e Kor\u00e7\u00ebs, ka mb\u00ebrritur p\u00ebr mjekim nj\u00eb i mitur 5-vje\u00e7ar, banues n\u00eb fshatin Sovjan, Maliq, i cili duke luajtur n\u00eb fshat, \u00ebsht\u00eb goditur aksidentalisht nga nj\u00eb i mitur tjet\u00ebr me bi\u00e7iklet\u00eb. P\u00ebr pasoj\u00eb 5-vje\u00e7ari ka marr\u00eb d\u00ebmtime n\u00eb kok\u00eb dhe pas mjekimit t\u00eb marr\u00eb n\u00eb Spitalin e Kor\u00e7\u00ebs u transportua n\u00eb Tiran\u00eb, p\u00ebr mjekim m\u00eb t\u00eb specializuar. <\/p>\n<p>Grupi hetimor po punon p\u00ebr sqarimin e rrethanave t\u00eb ngjarjes.<\/p>\n","protected":false},"excerpt":{"rendered":"<p>Ngjarja ka ndodhur dit\u00ebn e sotme rreth or\u00ebs \u00a016:40 n\u00eb fshatin Sovjan. M\u00ebsohet\u00a0 se\u00a0 f\u00ebmija 5 vje\u00e7ar \u00ebsht\u00eb goditur aksidentalisht nga nj\u00eb i mitur tjet\u00ebr me bi\u00e7iklet\u00eb. Maliq\/Informacion paraprak M\u00eb dat\u00eb 29.08.2022, rreth or\u00ebs 16:40, n\u00eb Spitalin e Kor\u00e7\u00ebs, ka mb\u00ebrritur p\u00ebr mjekim nj\u00eb i mitur 5-vje\u00e7ar, banues n\u00eb fshatin Sovjan, Maliq, i cili duke [&hellip;]<\/p>\n","protected":false},"author":2,"featured_media":16144,"comment_status":"open","ping_status":"open","sticky":false,"template":"","format":"standard","meta":{"footnotes":""},"categories":[117,118],"tags":[27],"class_list":{"0":"post-16143","1":"post","2":"type-post","3":"status-publish","4":"format-standard","5":"has-post-thumbnail","7":"category-aktualitet","8":"category-kryesore","9":"tag-lajme"},"_links":{"self":[{"href":"https:\/\/neutrale.al\/index.php\/wp-json\/wp\/v2\/posts\/16143","targetHints":{"allow":["GET"]}}],"collection":[{"href":"https:\/\/neutrale.al\/index.php\/wp-json\/wp\/v2\/posts"}],"about":[{"href":"https:\/\/neutrale.al\/index.php\/wp-json\/wp\/v2\/types\/post"}],"author":[{"embeddable":true,"href":"https:\/\/neutrale.al\/index.php\/wp-json\/wp\/v2\/users\/2"}],"replies":[{"embeddable":true,"href":"https:\/\/neutrale.al\/index.php\/wp-json\/wp\/v2\/comments?post=16143"}],"version-history":[{"count":1,"href":"https:\/\/neutrale.al\/index.php\/wp-json\/wp\/v2\/posts\/16143\/revisions"}],"predecessor-version":[{"id":16145,"href":"https:\/\/neutrale.al\/index.php\/wp-json\/wp\/v2\/posts\/16143\/revisions\/16145"}],"wp:featuredmedia":[{"embeddable":true,"href":"https:\/\/neutrale.al\/index.php\/wp-json\/wp\/v2\/media\/16144"}],"wp:attachment":[{"href":"https:\/\/neutrale.al\/index.php\/wp-json\/wp\/v2\/media?parent=16143"}],"wp:term":[{"taxonomy":"category","embeddable":true,"href":"https:\/\/neutrale.al\/index.php\/wp-json\/wp\/v2\/categories?post=16143"},{"taxonomy":"post_tag","embeddable":true,"href":"https:\/\/neutrale.al\/index.php\/wp-json\/wp\/v2\/tags?post=16143"}],"curies":[{"name":"wp","href":"https:\/\/api.w.org\/{rel}","templated":true}]}}