{"id":15535,"date":"2022-08-26T08:08:03","date_gmt":"2022-08-26T08:08:03","guid":{"rendered":"https:\/\/neutrale.al\/?p=15535"},"modified":"2022-08-26T08:08:03","modified_gmt":"2022-08-26T08:08:03","slug":"noka-ne-kerkim-te-shpreses","status":"publish","type":"post","link":"https:\/\/neutrale.al\/index.php\/2022\/08\/26\/noka-ne-kerkim-te-shpreses\/","title":{"rendered":"Noka: N\u00eb k\u00ebrkim t\u00eb shpres\u00ebs"},"content":{"rendered":"<p>Ka reaguar sekretari i PD-s\u00eb, Flamur Noka, p\u00ebr ngjarjen e djeshme, ku efektiv\u00eb t\u00eb policis\u00eb franceze, \u00e7ajn\u00eb vark\u00ebn e nj\u00eb grupi shqiptar\u00ebsh, t\u00eb cil\u00ebt synonin kalimin e La Manshit n\u00eb drejtim t\u00eb Mbret\u00ebris\u00eb s\u00eb Bashkuar.<br \/>\nNgjarje e cila pushtoi ekranet televizive m\u00eb t\u00eb m\u00ebdha t\u00eb Evrop\u00ebs. <\/p>\n<p>Pik\u00ebrisht nga kjo ngjarje \u00ebsht\u00eb nisur deputeti demokrat, i cili, n\u00eb rrjetet sociale shkruan, se shqiptar\u00ebt jan\u00eb n\u00eb k\u00ebrkim t\u00eb shpres\u00ebs.<br \/>\nNoka vazhdon m\u00eb tej, duke u shprehur se &#8220;Shqip\u00ebria \u00ebsht\u00eb n\u00eb rrezik&#8221;. <\/p>\n<p>Ja postimi i tij: <\/p>\n<p>&#8220;N\u00eb k\u00ebrkim t\u00eb shpres\u00ebs <\/p>\n<p>Policia franceze \u00e7an gomonen me shqiptar\u00eb. D\u00ebshton tentativa p\u00ebr t\u00eb kaluar n\u00eb Angli. <\/p>\n<p>Halli bashkon shqiptar\u00ebt me kurd\u00ebt e irakian\u00ebt q\u00eb ikin nga lufta. <\/p>\n<p>Shqip\u00ebria n\u00eb rrezik!<br \/>\nDuhet larguar sa m\u00eb par\u00eb kjo qeveri!&#8221;<\/p>\n<p><img loading=\"lazy\" loading=\"lazy\" decoding=\"async\" src=\"https:\/\/neutrale.al\/wp-content\/uploads\/2022\/08\/F461BD34-AE30-4667-8323-83544B081C05-300x173.jpeg\" alt=\"\" width=\"300\" height=\"173\" class=\"alignnone size-medium wp-image-15536\" srcset=\"https:\/\/neutrale.al\/wp-content\/uploads\/2022\/08\/F461BD34-AE30-4667-8323-83544B081C05-300x173.jpeg 300w, https:\/\/neutrale.al\/wp-content\/uploads\/2022\/08\/F461BD34-AE30-4667-8323-83544B081C05-1024x591.jpeg 1024w, https:\/\/neutrale.al\/wp-content\/uploads\/2022\/08\/F461BD34-AE30-4667-8323-83544B081C05-768x443.jpeg 768w, https:\/\/neutrale.al\/wp-content\/uploads\/2022\/08\/F461BD34-AE30-4667-8323-83544B081C05-860x496.jpeg 860w, https:\/\/neutrale.al\/wp-content\/uploads\/2022\/08\/F461BD34-AE30-4667-8323-83544B081C05.jpeg 1080w\" sizes=\"auto, (max-width: 300px) 100vw, 300px\" \/><\/p>\n","protected":false},"excerpt":{"rendered":"<p>Ka reaguar sekretari i PD-s\u00eb, Flamur Noka, p\u00ebr ngjarjen e djeshme, ku efektiv\u00eb t\u00eb policis\u00eb franceze, \u00e7ajn\u00eb vark\u00ebn e nj\u00eb grupi shqiptar\u00ebsh, t\u00eb cil\u00ebt synonin kalimin e La Manshit n\u00eb drejtim t\u00eb Mbret\u00ebris\u00eb s\u00eb Bashkuar. Ngjarje e cila pushtoi ekranet televizive m\u00eb t\u00eb m\u00ebdha t\u00eb Evrop\u00ebs. Pik\u00ebrisht nga kjo ngjarje \u00ebsht\u00eb nisur deputeti demokrat, i [&hellip;]<\/p>\n","protected":false},"author":2,"featured_media":15537,"comment_status":"open","ping_status":"open","sticky":false,"template":"","format":"standard","meta":{"footnotes":""},"categories":[9],"tags":[27],"class_list":{"0":"post-15535","1":"post","2":"type-post","3":"status-publish","4":"format-standard","5":"has-post-thumbnail","7":"category-politika","8":"tag-lajme"},"_links":{"self":[{"href":"https:\/\/neutrale.al\/index.php\/wp-json\/wp\/v2\/posts\/15535","targetHints":{"allow":["GET"]}}],"collection":[{"href":"https:\/\/neutrale.al\/index.php\/wp-json\/wp\/v2\/posts"}],"about":[{"href":"https:\/\/neutrale.al\/index.php\/wp-json\/wp\/v2\/types\/post"}],"author":[{"embeddable":true,"href":"https:\/\/neutrale.al\/index.php\/wp-json\/wp\/v2\/users\/2"}],"replies":[{"embeddable":true,"href":"https:\/\/neutrale.al\/index.php\/wp-json\/wp\/v2\/comments?post=15535"}],"version-history":[{"count":1,"href":"https:\/\/neutrale.al\/index.php\/wp-json\/wp\/v2\/posts\/15535\/revisions"}],"predecessor-version":[{"id":15538,"href":"https:\/\/neutrale.al\/index.php\/wp-json\/wp\/v2\/posts\/15535\/revisions\/15538"}],"wp:featuredmedia":[{"embeddable":true,"href":"https:\/\/neutrale.al\/index.php\/wp-json\/wp\/v2\/media\/15537"}],"wp:attachment":[{"href":"https:\/\/neutrale.al\/index.php\/wp-json\/wp\/v2\/media?parent=15535"}],"wp:term":[{"taxonomy":"category","embeddable":true,"href":"https:\/\/neutrale.al\/index.php\/wp-json\/wp\/v2\/categories?post=15535"},{"taxonomy":"post_tag","embeddable":true,"href":"https:\/\/neutrale.al\/index.php\/wp-json\/wp\/v2\/tags?post=15535"}],"curies":[{"name":"wp","href":"https:\/\/api.w.org\/{rel}","templated":true}]}}