{"id":15459,"date":"2022-08-25T15:40:17","date_gmt":"2022-08-25T15:40:17","guid":{"rendered":"https:\/\/neutrale.al\/?p=15459"},"modified":"2022-08-25T15:40:17","modified_gmt":"2022-08-25T15:40:17","slug":"noka-njollosja-e-presidences-nga-presidenti-begaj","status":"publish","type":"post","link":"https:\/\/neutrale.al\/index.php\/2022\/08\/25\/noka-njollosja-e-presidences-nga-presidenti-begaj\/","title":{"rendered":"Noka: Njollosja e Presidenc\u00ebs nga Presidenti Begaj&#8230;"},"content":{"rendered":"<p>K\u00ebshtu shkruan Flamur Noka n\u00eb rrjetet sociale, mbasi \u00ebsht\u00eb njohur me aktin e lirimit nga puna t\u00eb Edvin Robert Shvarcit, student aktiv i dhjetorit 1990. <\/p>\n<p>Ja postimi i plot\u00eb i Nok\u00ebs: <\/p>\n<p>Pas 19 vitesh pun\u00eb n\u00eb institucionin e Presidenc\u00ebs, ku sh\u00ebrbeu me profesionaliz\u00ebm e korrektes\u00eb p\u00ebr 5 president\u00eb t\u00eb ndrysh\u00ebm, Edvin Robert Shvarc pushohet nga puna me nj\u00eb motivacion qesharak t\u00eb shkruar n\u00eb let\u00ebr, pa i th\u00ebn\u00eb nj\u00eb fjal\u00eb. <\/p>\n<p>Munges\u00eb e madhe respekti nga Presidenti i Republik\u00ebs ndaj nj\u00eb n\u00ebpun\u00ebsi civil, i cili jeton me t\u00eb ardhurat e k\u00ebsaj pune n\u00eb nj\u00eb apartament modest bashk\u00eb me zonj\u00ebn dhe n\u00ebn\u00ebn e tij.\u00a0 <\/p>\n<p>Edvin Shvarc \u00ebsht\u00eb shtetas shqiptar me prejardhje hebreje, zyrtar serioz dhe profesionist i rrall\u00eb. <\/p>\n<p>Ky akt i sh\u00ebmtuar njollos institucionin m\u00eb t\u00eb lart\u00eb t\u00eb shtetit. Presidenti Begaj nxitoi t\u00eb shfaqte veten pa mbushur muajin n\u00eb detyr\u00eb.<\/p>\n<p><img loading=\"lazy\" loading=\"lazy\" decoding=\"async\" src=\"https:\/\/neutrale.al\/wp-content\/uploads\/2022\/08\/8D06F127-C5DE-4078-8271-FC3C87A93F65-240x300.jpeg\" alt=\"\" width=\"240\" height=\"300\" class=\"alignnone size-medium wp-image-15460\" srcset=\"https:\/\/neutrale.al\/wp-content\/uploads\/2022\/08\/8D06F127-C5DE-4078-8271-FC3C87A93F65-240x300.jpeg 240w, https:\/\/neutrale.al\/wp-content\/uploads\/2022\/08\/8D06F127-C5DE-4078-8271-FC3C87A93F65-768x960.jpeg 768w, https:\/\/neutrale.al\/wp-content\/uploads\/2022\/08\/8D06F127-C5DE-4078-8271-FC3C87A93F65.jpeg 774w\" sizes=\"auto, (max-width: 240px) 100vw, 240px\" \/><\/p>\n","protected":false},"excerpt":{"rendered":"<p>K\u00ebshtu shkruan Flamur Noka n\u00eb rrjetet sociale, mbasi \u00ebsht\u00eb njohur me aktin e lirimit nga puna t\u00eb Edvin Robert Shvarcit, student aktiv i dhjetorit 1990. Ja postimi i plot\u00eb i Nok\u00ebs: Pas 19 vitesh pun\u00eb n\u00eb institucionin e Presidenc\u00ebs, ku sh\u00ebrbeu me profesionaliz\u00ebm e korrektes\u00eb p\u00ebr 5 president\u00eb t\u00eb ndrysh\u00ebm, Edvin Robert Shvarc pushohet nga [&hellip;]<\/p>\n","protected":false},"author":2,"featured_media":15461,"comment_status":"open","ping_status":"open","sticky":false,"template":"","format":"standard","meta":{"footnotes":""},"categories":[118,9],"tags":[27],"class_list":{"0":"post-15459","1":"post","2":"type-post","3":"status-publish","4":"format-standard","5":"has-post-thumbnail","7":"category-kryesore","8":"category-politika","9":"tag-lajme"},"_links":{"self":[{"href":"https:\/\/neutrale.al\/index.php\/wp-json\/wp\/v2\/posts\/15459","targetHints":{"allow":["GET"]}}],"collection":[{"href":"https:\/\/neutrale.al\/index.php\/wp-json\/wp\/v2\/posts"}],"about":[{"href":"https:\/\/neutrale.al\/index.php\/wp-json\/wp\/v2\/types\/post"}],"author":[{"embeddable":true,"href":"https:\/\/neutrale.al\/index.php\/wp-json\/wp\/v2\/users\/2"}],"replies":[{"embeddable":true,"href":"https:\/\/neutrale.al\/index.php\/wp-json\/wp\/v2\/comments?post=15459"}],"version-history":[{"count":1,"href":"https:\/\/neutrale.al\/index.php\/wp-json\/wp\/v2\/posts\/15459\/revisions"}],"predecessor-version":[{"id":15462,"href":"https:\/\/neutrale.al\/index.php\/wp-json\/wp\/v2\/posts\/15459\/revisions\/15462"}],"wp:featuredmedia":[{"embeddable":true,"href":"https:\/\/neutrale.al\/index.php\/wp-json\/wp\/v2\/media\/15461"}],"wp:attachment":[{"href":"https:\/\/neutrale.al\/index.php\/wp-json\/wp\/v2\/media?parent=15459"}],"wp:term":[{"taxonomy":"category","embeddable":true,"href":"https:\/\/neutrale.al\/index.php\/wp-json\/wp\/v2\/categories?post=15459"},{"taxonomy":"post_tag","embeddable":true,"href":"https:\/\/neutrale.al\/index.php\/wp-json\/wp\/v2\/tags?post=15459"}],"curies":[{"name":"wp","href":"https:\/\/api.w.org\/{rel}","templated":true}]}}