{"id":15453,"date":"2022-08-25T15:26:08","date_gmt":"2022-08-25T15:26:08","guid":{"rendered":"https:\/\/neutrale.al\/?p=15453"},"modified":"2022-08-25T15:26:08","modified_gmt":"2022-08-25T15:26:08","slug":"berisha-protesta-kunder-lal-djegesit-eshte-e-drejte-qytetare-e-mbeshtesim","status":"publish","type":"post","link":"https:\/\/neutrale.al\/index.php\/2022\/08\/25\/berisha-protesta-kunder-lal-djegesit-eshte-e-drejte-qytetare-e-mbeshtesim\/","title":{"rendered":"Berisha: Protesta kund\u00ebr &#8220;Lal djeg\u00ebsit&#8221; \u00ebsht\u00eb e drejt\u00eb qytetare, e mb\u00ebshtesim."},"content":{"rendered":"<p>K\u00ebshtu shkruan kreu i PD-s\u00eb Sali Berisha n\u00eb rrjetet sociale p\u00ebr protest\u00ebn q\u00eb organizojn\u00eb banor\u00ebt q\u00eb ju cenohet prona nga projekti i Unaz\u00ebs s\u00eb Madhe t\u00eb Tiran\u00ebs. <\/p>\n<p>Ja postimi: <\/p>\n<p>Protest\u00eb e fuqishme qytetare para Bashkis\u00eb s\u00eb Tiran\u00ebs p\u00ebr mbrojtjen e sht\u00ebpive dhe kund\u00ebr \u201cLal djeg\u00ebsit\u201d. <\/p>\n<p>Mb\u00ebshtetje t\u00eb plot\u00eb protest\u00ebs qytetare. sb<\/p>\n<p><img loading=\"lazy\" loading=\"lazy\" decoding=\"async\" src=\"https:\/\/neutrale.al\/wp-content\/uploads\/2022\/08\/C8D4BDD9-1417-4574-AE2E-E52716B4E293-300x225.jpeg\" alt=\"\" width=\"300\" height=\"225\" class=\"alignnone size-medium wp-image-15454\" srcset=\"https:\/\/neutrale.al\/wp-content\/uploads\/2022\/08\/C8D4BDD9-1417-4574-AE2E-E52716B4E293-300x225.jpeg 300w, https:\/\/neutrale.al\/wp-content\/uploads\/2022\/08\/C8D4BDD9-1417-4574-AE2E-E52716B4E293-768x576.jpeg 768w, https:\/\/neutrale.al\/wp-content\/uploads\/2022\/08\/C8D4BDD9-1417-4574-AE2E-E52716B4E293-860x645.jpeg 860w, https:\/\/neutrale.al\/wp-content\/uploads\/2022\/08\/C8D4BDD9-1417-4574-AE2E-E52716B4E293.jpeg 1024w\" sizes=\"auto, (max-width: 300px) 100vw, 300px\" \/><\/p>\n<p><img loading=\"lazy\" loading=\"lazy\" decoding=\"async\" src=\"https:\/\/neutrale.al\/wp-content\/uploads\/2022\/08\/CE4ED06E-7D70-4C24-99C1-01CA1B817BCD-300x225.jpeg\" alt=\"\" width=\"300\" height=\"225\" class=\"alignnone size-medium wp-image-15455\" srcset=\"https:\/\/neutrale.al\/wp-content\/uploads\/2022\/08\/CE4ED06E-7D70-4C24-99C1-01CA1B817BCD-300x225.jpeg 300w, https:\/\/neutrale.al\/wp-content\/uploads\/2022\/08\/CE4ED06E-7D70-4C24-99C1-01CA1B817BCD-768x576.jpeg 768w, https:\/\/neutrale.al\/wp-content\/uploads\/2022\/08\/CE4ED06E-7D70-4C24-99C1-01CA1B817BCD-860x645.jpeg 860w, https:\/\/neutrale.al\/wp-content\/uploads\/2022\/08\/CE4ED06E-7D70-4C24-99C1-01CA1B817BCD.jpeg 1024w\" sizes=\"auto, (max-width: 300px) 100vw, 300px\" \/><\/p>\n<p><img loading=\"lazy\" loading=\"lazy\" decoding=\"async\" src=\"https:\/\/neutrale.al\/wp-content\/uploads\/2022\/08\/28FBC0B0-5BB3-4ABC-B91B-AF93E1496A22-300x225.jpeg\" alt=\"\" width=\"300\" height=\"225\" class=\"alignnone size-medium wp-image-15456\" srcset=\"https:\/\/neutrale.al\/wp-content\/uploads\/2022\/08\/28FBC0B0-5BB3-4ABC-B91B-AF93E1496A22-300x225.jpeg 300w, https:\/\/neutrale.al\/wp-content\/uploads\/2022\/08\/28FBC0B0-5BB3-4ABC-B91B-AF93E1496A22-768x576.jpeg 768w, https:\/\/neutrale.al\/wp-content\/uploads\/2022\/08\/28FBC0B0-5BB3-4ABC-B91B-AF93E1496A22-860x645.jpeg 860w, https:\/\/neutrale.al\/wp-content\/uploads\/2022\/08\/28FBC0B0-5BB3-4ABC-B91B-AF93E1496A22.jpeg 1024w\" sizes=\"auto, (max-width: 300px) 100vw, 300px\" \/><\/p>\n","protected":false},"excerpt":{"rendered":"<p>K\u00ebshtu shkruan kreu i PD-s\u00eb Sali Berisha n\u00eb rrjetet sociale p\u00ebr protest\u00ebn q\u00eb organizojn\u00eb banor\u00ebt q\u00eb ju cenohet prona nga projekti i Unaz\u00ebs s\u00eb Madhe t\u00eb Tiran\u00ebs. Ja postimi: Protest\u00eb e fuqishme qytetare para Bashkis\u00eb s\u00eb Tiran\u00ebs p\u00ebr mbrojtjen e sht\u00ebpive dhe kund\u00ebr \u201cLal djeg\u00ebsit\u201d. Mb\u00ebshtetje t\u00eb plot\u00eb protest\u00ebs qytetare. sb<\/p>\n","protected":false},"author":2,"featured_media":15457,"comment_status":"open","ping_status":"open","sticky":false,"template":"","format":"standard","meta":{"footnotes":""},"categories":[118,9],"tags":[27],"class_list":{"0":"post-15453","1":"post","2":"type-post","3":"status-publish","4":"format-standard","5":"has-post-thumbnail","7":"category-kryesore","8":"category-politika","9":"tag-lajme"},"_links":{"self":[{"href":"https:\/\/neutrale.al\/index.php\/wp-json\/wp\/v2\/posts\/15453","targetHints":{"allow":["GET"]}}],"collection":[{"href":"https:\/\/neutrale.al\/index.php\/wp-json\/wp\/v2\/posts"}],"about":[{"href":"https:\/\/neutrale.al\/index.php\/wp-json\/wp\/v2\/types\/post"}],"author":[{"embeddable":true,"href":"https:\/\/neutrale.al\/index.php\/wp-json\/wp\/v2\/users\/2"}],"replies":[{"embeddable":true,"href":"https:\/\/neutrale.al\/index.php\/wp-json\/wp\/v2\/comments?post=15453"}],"version-history":[{"count":1,"href":"https:\/\/neutrale.al\/index.php\/wp-json\/wp\/v2\/posts\/15453\/revisions"}],"predecessor-version":[{"id":15458,"href":"https:\/\/neutrale.al\/index.php\/wp-json\/wp\/v2\/posts\/15453\/revisions\/15458"}],"wp:featuredmedia":[{"embeddable":true,"href":"https:\/\/neutrale.al\/index.php\/wp-json\/wp\/v2\/media\/15457"}],"wp:attachment":[{"href":"https:\/\/neutrale.al\/index.php\/wp-json\/wp\/v2\/media?parent=15453"}],"wp:term":[{"taxonomy":"category","embeddable":true,"href":"https:\/\/neutrale.al\/index.php\/wp-json\/wp\/v2\/categories?post=15453"},{"taxonomy":"post_tag","embeddable":true,"href":"https:\/\/neutrale.al\/index.php\/wp-json\/wp\/v2\/tags?post=15453"}],"curies":[{"name":"wp","href":"https:\/\/api.w.org\/{rel}","templated":true}]}}