{"id":15434,"date":"2022-08-25T10:56:26","date_gmt":"2022-08-25T10:56:26","guid":{"rendered":"https:\/\/neutrale.al\/?p=15434"},"modified":"2022-08-25T10:56:26","modified_gmt":"2022-08-25T10:56:26","slug":"qeveria-shtyn-dhe-tre-muaj-paketen-anti-krize-per-transportin-publik","status":"publish","type":"post","link":"https:\/\/neutrale.al\/index.php\/2022\/08\/25\/qeveria-shtyn-dhe-tre-muaj-paketen-anti-krize-per-transportin-publik\/","title":{"rendered":"Qeveria shtyn dhe tre muaj paket\u00ebn anti-kriz\u00eb p\u00ebr transportin publik"},"content":{"rendered":"<p>Gjat\u00eb prononcimit p\u00ebr media, sapo doli nga kryeministria, zv\/kryeministrja Balluku tha, se paketa aktuale \u00ebsht\u00eb n\u00eb fuqi deri n\u00eb muajin gusht, por ajo do t\u00eb zgjatet edhe me tre muaj t\u00eb tjer\u00eb. <\/p>\n<p>Sipas saj nga kjo paket\u00eb p\u00ebrfitojn\u00eb t\u00eb gjith\u00eb qytetar\u00ebt q\u00eb p\u00ebrdorin transportin publik, t\u00eb cil\u00ebt nuk do t\u00eb ken\u00eb rritje t\u00eb bilet\u00ebs.<br \/>\n&#8220;Ashtu si\u00e7 jeni n\u00eb dijen ne me aktin 225 kemi p\u00ebrcaktuar nj\u00eb mas\u00eb kompensimi p\u00ebr t\u00eb gjitha kompanit\u00eb e transportit publik, e cila ka qen\u00eb n\u00eb fuqi deri n\u00eb muajin gusht. Gjat\u00eb k\u00ebsaj peridhe jan\u00eb t\u00ebrhequ 60 p\u00ebrqind e fondit, kjo dhe p\u00ebr shkak t\u00eb procedurave dhe kushteve q\u00eb duhen plot\u00ebsuar. <\/p>\n<p>Me aktin e sot\u00ebm \u00ebsht\u00eb marr\u00eb vendimi q\u00eb kjo paket\u00eb t\u00eb vijoj\u00eb n\u00eb muajin gusht shtator dhe tetor&#8221;.<\/p>\n","protected":false},"excerpt":{"rendered":"<p>Gjat\u00eb prononcimit p\u00ebr media, sapo doli nga kryeministria, zv\/kryeministrja Balluku tha, se paketa aktuale \u00ebsht\u00eb n\u00eb fuqi deri n\u00eb muajin gusht, por ajo do t\u00eb zgjatet edhe me tre muaj t\u00eb tjer\u00eb. Sipas saj nga kjo paket\u00eb p\u00ebrfitojn\u00eb t\u00eb gjith\u00eb qytetar\u00ebt q\u00eb p\u00ebrdorin transportin publik, t\u00eb cil\u00ebt nuk do t\u00eb ken\u00eb rritje t\u00eb bilet\u00ebs. &#8220;Ashtu [&hellip;]<\/p>\n","protected":false},"author":2,"featured_media":15435,"comment_status":"open","ping_status":"open","sticky":false,"template":"","format":"standard","meta":{"footnotes":""},"categories":[118],"tags":[],"class_list":{"0":"post-15434","1":"post","2":"type-post","3":"status-publish","4":"format-standard","5":"has-post-thumbnail","7":"category-kryesore"},"_links":{"self":[{"href":"https:\/\/neutrale.al\/index.php\/wp-json\/wp\/v2\/posts\/15434","targetHints":{"allow":["GET"]}}],"collection":[{"href":"https:\/\/neutrale.al\/index.php\/wp-json\/wp\/v2\/posts"}],"about":[{"href":"https:\/\/neutrale.al\/index.php\/wp-json\/wp\/v2\/types\/post"}],"author":[{"embeddable":true,"href":"https:\/\/neutrale.al\/index.php\/wp-json\/wp\/v2\/users\/2"}],"replies":[{"embeddable":true,"href":"https:\/\/neutrale.al\/index.php\/wp-json\/wp\/v2\/comments?post=15434"}],"version-history":[{"count":1,"href":"https:\/\/neutrale.al\/index.php\/wp-json\/wp\/v2\/posts\/15434\/revisions"}],"predecessor-version":[{"id":15436,"href":"https:\/\/neutrale.al\/index.php\/wp-json\/wp\/v2\/posts\/15434\/revisions\/15436"}],"wp:featuredmedia":[{"embeddable":true,"href":"https:\/\/neutrale.al\/index.php\/wp-json\/wp\/v2\/media\/15435"}],"wp:attachment":[{"href":"https:\/\/neutrale.al\/index.php\/wp-json\/wp\/v2\/media?parent=15434"}],"wp:term":[{"taxonomy":"category","embeddable":true,"href":"https:\/\/neutrale.al\/index.php\/wp-json\/wp\/v2\/categories?post=15434"},{"taxonomy":"post_tag","embeddable":true,"href":"https:\/\/neutrale.al\/index.php\/wp-json\/wp\/v2\/tags?post=15434"}],"curies":[{"name":"wp","href":"https:\/\/api.w.org\/{rel}","templated":true}]}}