{"id":15410,"date":"2022-08-25T09:29:29","date_gmt":"2022-08-25T09:29:29","guid":{"rendered":"https:\/\/neutrale.al\/?p=15410"},"modified":"2022-08-25T09:29:29","modified_gmt":"2022-08-25T09:29:29","slug":"jorge-luis-borges-kaini-dhe-abeli","status":"publish","type":"post","link":"https:\/\/neutrale.al\/index.php\/2022\/08\/25\/jorge-luis-borges-kaini-dhe-abeli\/","title":{"rendered":"Jorge Luis Borges\/ Kaini dhe Abeli"},"content":{"rendered":"<p>(Shqip\u00ebroi Laz\u00ebr Stani) <\/p>\n<p>Legjend\u00eb <\/p>\n<p>Kaini dhe Abeli u takuan pas vdekjes s\u00eb Abelit.<br \/>\nPo endeshin n\u00ebp\u00ebr shkret\u00ebtir\u00eb dhe e njoh\u00ebn nj\u00ebri-tjetrin nga larg, sepse ishin t\u00eb dy mjaft shtatlart\u00eb. T\u00eb dy v\u00ebllezrit u ul\u00ebn p\u00ebrtok\u00eb, ndez\u00ebn nj\u00eb zjarr dhe po hanin buk\u00eb. Rrinin t\u00eb heshtur, si\u00e7 rrin\u00eb njer\u00ebzit e d\u00ebrrmuar nga lodhja n\u00eb mbarim t\u00eb dit\u00ebs. N\u00eb qiell u shfaq nj\u00eb yll emrin e t\u00eb cilit askush nuk e mbante mend. N\u00eb drit\u00ebn e zjarrit Kaini dalloi vrag\u00ebn e gurit n\u00eb ballin e Abelit, buka q\u00eb po \u00e7onte t\u00eb goja i ra nga dora dhe pyeti v\u00ebllain n\u00ebse e kishte falur p\u00ebr krimin e tij.<br \/>\nAbeli iu p\u00ebrgjigj:<br \/>\n\u201cTi me ke vrar\u00eb mua apo un\u00eb ty? Nuk e mbaj mend gjithsesi; k\u00ebtu jemi t\u00eb dy bashk\u00eb, si dikur\u201d.<br \/>\n\u201cTani e di se me ke falur me t\u00eb v\u00ebrtet\u00eb, tha Kaini, sepse t\u00eb harrosh do t\u00eb thot\u00eb t\u00eb fal\u00ebsh. Edhe un\u00eb do p\u00ebrpiqem t\u00eb harroj.\u201d<br \/>\n\u201cK\u00ebshtu \u00ebsht\u00eb, tha ngadal\u00eb Abeli. Sa zgjat vramja e nd\u00ebrgjegjes, zgjat faji\u201d. <\/p>\n<p>L. Stani:<br \/>\nJorge Luis Borges,<br \/>\n(24 Gusht 1899 \u2013 14 Qershor 1986)<br \/>\nN\u00eb dit\u00eblindjen e tij po ripostoj nj\u00eb nga prozat e k\u00ebtij autori t\u00eb pap\u00ebrs\u00ebritsh\u00ebm t\u00eb p\u00ebrkthyer prej meje.<\/p>\n","protected":false},"excerpt":{"rendered":"<p>(Shqip\u00ebroi Laz\u00ebr Stani) Legjend\u00eb Kaini dhe Abeli u takuan pas vdekjes s\u00eb Abelit. Po endeshin n\u00ebp\u00ebr shkret\u00ebtir\u00eb dhe e njoh\u00ebn nj\u00ebri-tjetrin nga larg, sepse ishin t\u00eb dy mjaft shtatlart\u00eb. T\u00eb dy v\u00ebllezrit u ul\u00ebn p\u00ebrtok\u00eb, ndez\u00ebn nj\u00eb zjarr dhe po hanin buk\u00eb. Rrinin t\u00eb heshtur, si\u00e7 rrin\u00eb njer\u00ebzit e d\u00ebrrmuar nga lodhja n\u00eb mbarim t\u00eb [&hellip;]<\/p>\n","protected":false},"author":2,"featured_media":15411,"comment_status":"open","ping_status":"open","sticky":false,"template":"","format":"standard","meta":{"footnotes":""},"categories":[120],"tags":[],"class_list":{"0":"post-15410","1":"post","2":"type-post","3":"status-publish","4":"format-standard","5":"has-post-thumbnail","7":"category-letersi"},"_links":{"self":[{"href":"https:\/\/neutrale.al\/index.php\/wp-json\/wp\/v2\/posts\/15410","targetHints":{"allow":["GET"]}}],"collection":[{"href":"https:\/\/neutrale.al\/index.php\/wp-json\/wp\/v2\/posts"}],"about":[{"href":"https:\/\/neutrale.al\/index.php\/wp-json\/wp\/v2\/types\/post"}],"author":[{"embeddable":true,"href":"https:\/\/neutrale.al\/index.php\/wp-json\/wp\/v2\/users\/2"}],"replies":[{"embeddable":true,"href":"https:\/\/neutrale.al\/index.php\/wp-json\/wp\/v2\/comments?post=15410"}],"version-history":[{"count":1,"href":"https:\/\/neutrale.al\/index.php\/wp-json\/wp\/v2\/posts\/15410\/revisions"}],"predecessor-version":[{"id":15412,"href":"https:\/\/neutrale.al\/index.php\/wp-json\/wp\/v2\/posts\/15410\/revisions\/15412"}],"wp:featuredmedia":[{"embeddable":true,"href":"https:\/\/neutrale.al\/index.php\/wp-json\/wp\/v2\/media\/15411"}],"wp:attachment":[{"href":"https:\/\/neutrale.al\/index.php\/wp-json\/wp\/v2\/media?parent=15410"}],"wp:term":[{"taxonomy":"category","embeddable":true,"href":"https:\/\/neutrale.al\/index.php\/wp-json\/wp\/v2\/categories?post=15410"},{"taxonomy":"post_tag","embeddable":true,"href":"https:\/\/neutrale.al\/index.php\/wp-json\/wp\/v2\/tags?post=15410"}],"curies":[{"name":"wp","href":"https:\/\/api.w.org\/{rel}","templated":true}]}}