{"id":15293,"date":"2022-08-24T08:17:49","date_gmt":"2022-08-24T08:17:49","guid":{"rendered":"https:\/\/neutrale.al\/?p=15293"},"modified":"2022-08-24T08:17:49","modified_gmt":"2022-08-24T08:17:49","slug":"itali-kercet-arma-ne-fushaten-elektorale-atentat-ndaj-deputetit","status":"publish","type":"post","link":"https:\/\/neutrale.al\/index.php\/2022\/08\/24\/itali-kercet-arma-ne-fushaten-elektorale-atentat-ndaj-deputetit\/","title":{"rendered":"Itali\/K\u00ebrcet arma n\u00eb fushat\u00ebn elektorale. Atentat ndaj deputetit."},"content":{"rendered":"<p>Mediat italiane raportojn\u00eb se \u00ebsht\u00eb q\u00eblluar me arm\u00eb zjarri ndaj zyr\u00ebs s\u00eb Francesco Cannizzaro.<br \/>\n\u00a0<br \/>\nTgcom, por edhe media t\u00eb tjera shkruajn\u00eb se tre t\u00eb sht\u00ebna pistolete t\u00eb kalibrit.38 kan\u00eb r\u00ebn\u00eb n\u00eb dritaren e zyr\u00ebs s\u00eb sekretarit politik t\u00eb\u00a0Francesco Cannizzaro, nj\u00eb deputet i\u00a0Forza Italia\u00a0i rikandiduar n\u00eb zgjedhjet politike t\u00eb 25 shtatorit. <\/p>\n<p>Ngjarja ka ndodhur jo shum\u00eb larg selis\u00eb s\u00eb K\u00ebshillit Rajonal t\u00eb Kalabris\u00eb.\u00a0<br \/>\nKrismat u d\u00ebgjuan\u00a0 kur n\u00eb seli po zhvillohej nj\u00eb takim politik ku merrte pjes\u00eb edhe vet\u00eb Cannizzaro me disa nga bashk\u00ebpun\u00ebtor\u00ebt e tij.\u00a0<br \/>\nAsnj\u00eb nga personat e pranish\u00ebm nuk u l\u00ebndua.\u00a0<br \/>\nPolicia \u00ebsht\u00eb v\u00ebn\u00eb n\u00eb hetim t\u00eb \u00e7\u00ebshtjes s\u00eb r\u00ebnd\u00eb.<\/p>\n<p><img loading=\"lazy\" loading=\"lazy\" decoding=\"async\" src=\"https:\/\/neutrale.al\/wp-content\/uploads\/2022\/08\/94AF1F1D-333B-4B3E-B8C3-47EE16708848-300x158.jpeg\" alt=\"\" width=\"300\" height=\"158\" class=\"alignnone size-medium wp-image-15294\" srcset=\"https:\/\/neutrale.al\/wp-content\/uploads\/2022\/08\/94AF1F1D-333B-4B3E-B8C3-47EE16708848-300x158.jpeg 300w, https:\/\/neutrale.al\/wp-content\/uploads\/2022\/08\/94AF1F1D-333B-4B3E-B8C3-47EE16708848.jpeg 640w\" sizes=\"auto, (max-width: 300px) 100vw, 300px\" \/><\/p>\n","protected":false},"excerpt":{"rendered":"<p>Mediat italiane raportojn\u00eb se \u00ebsht\u00eb q\u00eblluar me arm\u00eb zjarri ndaj zyr\u00ebs s\u00eb Francesco Cannizzaro. \u00a0 Tgcom, por edhe media t\u00eb tjera shkruajn\u00eb se tre t\u00eb sht\u00ebna pistolete t\u00eb kalibrit.38 kan\u00eb r\u00ebn\u00eb n\u00eb dritaren e zyr\u00ebs s\u00eb sekretarit politik t\u00eb\u00a0Francesco Cannizzaro, nj\u00eb deputet i\u00a0Forza Italia\u00a0i rikandiduar n\u00eb zgjedhjet politike t\u00eb 25 shtatorit. Ngjarja ka ndodhur jo [&hellip;]<\/p>\n","protected":false},"author":2,"featured_media":15295,"comment_status":"open","ping_status":"open","sticky":false,"template":"","format":"standard","meta":{"footnotes":""},"categories":[12],"tags":[27],"class_list":{"0":"post-15293","1":"post","2":"type-post","3":"status-publish","4":"format-standard","5":"has-post-thumbnail","7":"category-bota","8":"tag-lajme"},"_links":{"self":[{"href":"https:\/\/neutrale.al\/index.php\/wp-json\/wp\/v2\/posts\/15293","targetHints":{"allow":["GET"]}}],"collection":[{"href":"https:\/\/neutrale.al\/index.php\/wp-json\/wp\/v2\/posts"}],"about":[{"href":"https:\/\/neutrale.al\/index.php\/wp-json\/wp\/v2\/types\/post"}],"author":[{"embeddable":true,"href":"https:\/\/neutrale.al\/index.php\/wp-json\/wp\/v2\/users\/2"}],"replies":[{"embeddable":true,"href":"https:\/\/neutrale.al\/index.php\/wp-json\/wp\/v2\/comments?post=15293"}],"version-history":[{"count":1,"href":"https:\/\/neutrale.al\/index.php\/wp-json\/wp\/v2\/posts\/15293\/revisions"}],"predecessor-version":[{"id":15296,"href":"https:\/\/neutrale.al\/index.php\/wp-json\/wp\/v2\/posts\/15293\/revisions\/15296"}],"wp:featuredmedia":[{"embeddable":true,"href":"https:\/\/neutrale.al\/index.php\/wp-json\/wp\/v2\/media\/15295"}],"wp:attachment":[{"href":"https:\/\/neutrale.al\/index.php\/wp-json\/wp\/v2\/media?parent=15293"}],"wp:term":[{"taxonomy":"category","embeddable":true,"href":"https:\/\/neutrale.al\/index.php\/wp-json\/wp\/v2\/categories?post=15293"},{"taxonomy":"post_tag","embeddable":true,"href":"https:\/\/neutrale.al\/index.php\/wp-json\/wp\/v2\/tags?post=15293"}],"curies":[{"name":"wp","href":"https:\/\/api.w.org\/{rel}","templated":true}]}}