{"id":15274,"date":"2022-08-24T07:52:04","date_gmt":"2022-08-24T07:52:04","guid":{"rendered":"https:\/\/neutrale.al\/?p=15274"},"modified":"2022-08-24T07:52:04","modified_gmt":"2022-08-24T07:52:04","slug":"nuk-do-te-behesh-kurre-grek-alvane-alvane-elina-xhengo-gozhdoi-racizmin","status":"publish","type":"post","link":"https:\/\/neutrale.al\/index.php\/2022\/08\/24\/nuk-do-te-behesh-kurre-grek-alvane-alvane-elina-xhengo-gozhdoi-racizmin\/","title":{"rendered":"\u201cNUK DO T\u00cb B\u00cbHESH KURR\u00cb GREK, ALVANE, ALVANE\u201d \u2013 ELINA XHENGO \u201cGOZHDOI\u201d RACIZMIN."},"content":{"rendered":"<p>Vasilis S. Kanellis. 21 gusht 2022<br \/>\n(Burimi \u201cIN\u201d gr.<br \/>\nShqip nga Sk\u00ebnder Demolli).<\/p>\n<p>\u201cJam Elina Xhengo, bij\u00eb nd\u00ebrtuesi shqiptar dhe shqiptares pastruese.<br \/>\nLinda n\u00eb Greqi, e dua k\u00ebt\u00eb vend, por jam dhe nga Shqip\u00ebria. Dhe mbaj sot me krenari flamurin grek\u201d. <\/p>\n<p>Ky \u00ebsht\u00eb jet\u00ebshkrimi i jet\u00ebs s\u00eb 19 vje\u00e7ares, q\u00eb na dhuroi nj\u00eb medalje evropiane ari n\u00eb hedhje shtize, por na ofroi shum\u00eb m\u00eb shum\u00eb se aq.<br \/>\nNj\u00eb atlete q\u00eb hyri n\u00eb rrethin e atyre, q\u00eb me dashje, a pa dashjen e tyre, i dhan\u00eb nj\u00eb grusht t\u00eb fort\u00eb racizmit, ksenofobis\u00eb dhe fashizmit t\u00eb mir\u00eb-fshehur brenda n\u00eb shoq\u00ebrin\u00eb greke.<br \/>\nFatmir\u00ebsisht nga nj\u00eb pakic\u00eb q\u00eb nuk mund t\u00eb modeloj\u00eb mendimin shoq\u00ebror, por q\u00eb mund ta plagos\u00eb k\u00ebt\u00eb vend.<br \/>\nGreqin\u00eb e gjysh\u00ebrve tan\u00eb emigrant\u00eb dhe tradit\u00ebn ton\u00eb t\u00eb emigrimit.<br \/>\n\u00c7far\u00eb historish t\u00eb bukura krijon sporti? Vet\u00eb ai mund t\u00eb kap\u00ebrceje stereotipet, urrejtjen dhe p\u00ebsimet, n\u00eb lidhjen e popujve, t\u00eb shuaj\u00eb nga harta plehrat e ekstremit t\u00eb djatht\u00eb, q\u00eb njollosin jet\u00ebn ton\u00eb, ku fatkeq\u00ebsisht, dikur i vum\u00eb dhe n\u00eb Parlament. <\/p>\n<p>\u201cJam Thanasi dhe linda n\u00eb Areteio. E them q\u00eb t\u00eb mos mendoj\u00eb dikush, se na soll\u00ebn nga diku, apo se erdh\u00ebm nga H\u00ebna. K\u00ebtu linda, k\u00ebtu vajta n\u00eb kopsht, fillore, gjimnaz, lice. Nuk kisha prind\u00ebr t\u00eb pasur. N\u00ebse di\u00e7ka ndryshoi n\u00eb jet\u00ebn time, kjo u b\u00eb me pun\u00eb t\u00eb ashp\u00ebr. Gjeta di\u00e7ka q\u00eb e dashurova dhe e ndoqa si besim, deri sa t\u00eb b\u00ebhesha kopja m\u00eb e mir\u00eb e vetes sime. T\u00eb gjith\u00eb fillojm\u00eb nga i nj\u00ebjti fillim\u201d. <\/p>\n<p>I tha t\u00eb gjitha Thanasis Andetokunmbo, f\u00ebmij\u00eb emigrant\u00ebsh nga Nigeria ku lindi dhe u rrit k\u00ebtu. Q\u00eb manifeston si f\u00ebmij\u00eb i vog\u00ebl me flamurin grek dhe zemra i rreh fort nga entuziazmi dhe loton me himnin grek&#8230; Dhe Jani dhe v\u00ebllez\u00ebrit e tyre.<br \/>\nSa histori t\u00eb bukura dalin dhe na b\u00ebjn\u00eb optimist\u00eb.<br \/>\nTrajneri i Elina Xhengos, Jorgos Bo\u00e7kariov, me bab\u00eb rus dhe n\u00ebn\u00eb Pondia, me nj\u00eb histori familjare prek\u00ebse, si ato q\u00eb i lind vet\u00ebm jeta. <\/p>\n<p>Ata q\u00eb nuk llogaritin komb, gjak, kufij. Por q\u00eb sheh njer\u00ebz t\u00eb cil\u00ebt kan\u00eb origjin\u00eb tjet\u00ebr dhe tjet\u00ebr kund jetojn\u00eb. Njer\u00ebz q\u00eb luftojn\u00eb p\u00ebr dit\u00eb dy dhe tri her\u00eb m\u00eb shum\u00eb, p\u00ebr t\u00eb v\u00ebrtetuar se vlejn\u00eb n\u00eb pist\u00ebn e jet\u00ebs. Larg nga racist\u00ebt q\u00eb thon\u00eb me pompozitet: \u201cGrek lindesh, nuk b\u00ebhesh\u201d!<br \/>\nLarg nga Maqedono-luftarak\u00ebt pordhac\u00eb, q\u00eb thon\u00eb me p\u00ebr\u00e7mim \u201cAlbani\u201d, ose \u201cPaki\u201d te f\u00ebmij\u00eb si Xhengo, q\u00eb nuk sjellin medalje, por q\u00eb jetojn\u00eb midis nesh.<br \/>\n\u00cbsht\u00eb pastruesia shqiptare e sht\u00ebpis\u00eb t\u00ebnde, por ajo q\u00eb kujdeset edhe p\u00ebr n\u00ebn\u00ebn t\u00ebnde. \u00cbsht\u00eb muratori, hidrauliku, shit\u00ebsi e \u00e7do sportisti, q\u00eb lindi k\u00ebu nga prind\u00ebr t\u00eb huaj, por q\u00eb \u00e7do dit\u00eb b\u00ebhet viktim\u00eb e racist\u00ebve. <\/p>\n<p>\u201cNuk do t\u00eb b\u00ebhesh grek kurr\u00eb, Alvane, Alvane\u201d, th\u00ebrresin disa akoma dhe sot. Po ata q\u00eb thon\u00eb \u201cnot my national team\u201d = (jo i grupit tim nacional), p\u00ebr basketbollin Komb\u00ebtar, Andetokunmbon dhe Dorsein. Sepse jan\u00eb me ngjyr\u00eb dhe nuk jan\u00eb&#8230; grek\u00eb, n\u00eb mendjen e tyre. <\/p>\n<p>Por vjen nj\u00eb Elina, nj\u00eb Jani, m\u00eb par\u00eb nj\u00eb Pirro, nj\u00eb Mirela, nj\u00eb Kaqi, p\u00ebr t\u00eb ngritur lart flamurin grek.<br \/>\nT\u00eb nj\u00ebjtin flamur, ku disa \u201cGrekoman\u00eb \u201c, ia kishin refuzuar Odisea Cenajt \u2013 nx\u00ebn\u00ebsit m\u00eb t\u00eb mir\u00eb t\u00eb shkoll\u00ebs, n\u00eb Mihaniona, atje pran\u00eb Kalikratis\u00eb s\u00eb Re, ku u rrit Elina Xhengo. <\/p>\n<p>\u201cElina, flamuri t\u00eb p\u00ebrket\u201d, shkruan n\u00eb 2000, n\u00eb kthes\u00ebn e nj\u00eb para-feste t\u00eb shoq\u00ebris\u00eb te partit\u00eb ultra t\u00eb djathta fashiste raciste.<br \/>\nAshtu si tham\u00eb. .. jeta thur histori t\u00eb bukura, larg nga urrejtja dhe p\u00ebsimet. Histori q\u00eb b\u00ebjn\u00eb edhe shtetin t\u00eb ndryshoj\u00eb n\u00ebse mundet.<br \/>\nSepse nuk mund t\u00eb jesh Janis, Thanasis, ose Elina dhe t\u00eb nxjerr\u00ebsh dallime, n\u00eb lidhje me marrjen e shtet\u00ebsis\u00eb. <\/p>\n<p>F\u00ebmij\u00eb q\u00eb linden k\u00ebtu, shkojn\u00eb n\u00eb shkoll\u00eb, rr\u00ebnqehen nga himni komb\u00ebtar grek, nuk kan\u00eb njohur vend tjet\u00ebr, por jan\u00eb edhe krenar\u00eb p\u00ebr origjin\u00ebn e tyre, do t\u00eb duhet t\u00eb ken\u00eb trajtim ndryshe. Nuk mund t\u00eb torturohen p\u00ebr vite dhe t\u00eb ndihen t\u00eb huaj, n\u00eb vendin ku lind\u00ebn dhe u arsimuan, sepse nuk jan\u00eb super-atlet\u00eb. <\/p>\n<p>\u00c7far\u00eb b\u00ebjm\u00eb me t\u00eb gjith\u00eb ata f\u00ebmij\u00eb emigrant\u00ebsh q\u00eb nuk mund t\u00eb marrin karta ligjore?<br \/>\nPor edhe gjith\u00eb prind\u00ebrit e tyre, q\u00eb akoma dhe sot trajtohen me rezerva, pun\u00ebsohen t\u00eb pa deklaruar e pa sigurime shoq\u00ebrore, jan\u00eb djaj fukarenj t\u00eb arave, t\u00eb hoteleve dhe t\u00eb sa t\u00eb tjerave&#8230; t\u00eb n\u00ebnvler\u00ebsuar p\u00ebr pun\u00ebsimin Grek. Dhe q\u00eb i shohin v\u00ebng\u00ebr, duke m\u00ebrm\u00ebritur:<br \/>\n\u201dUn\u00eb nuk jam racist, por t\u00eb huaj jan\u00eb, me siguri do t\u00eb jen\u00eb hajdut\u00eb, dhunues. Nuk jan\u00eb rac\u00eb si e jona&#8230;\u201d <\/p>\n<p>Sigurisht i kini d\u00ebgjuar t\u00eb gjitha k\u00ebto. Por jeta \u00ebsht\u00eb ndryshe dhe duhet t\u00eb b\u00ebhet m\u00eb e mir\u00eb. <\/p>\n<p>Sepse r\u00ebnd\u00ebsi ka njeriu dhe jo raca. K\u00ebto jan\u00eb p\u00ebr racist\u00ebt, p\u00ebr nostalgjik\u00ebt e epokave t\u00eb err\u00ebta.<br \/>\nDhe p\u00ebr ata q\u00eb sot duan t\u00eb hyjn\u00eb n\u00eb Parlament, duke luajtur me frik\u00ebn dhe duke nxjerr\u00eb teorin\u00eb \u201ctej z\u00ebvend\u00ebsimit t\u00eb popullat\u00ebs\u201d.<br \/>\nDhe fatmir\u00ebsisht q\u00eb vijn\u00eb disa figura t\u00eb pastra kryesisht nga fusha e sportit, t\u00eb na theksojn\u00eb vler\u00ebn superiore t\u00eb dashuris\u00eb p\u00ebr njeriun pran\u00eb pa dallime.<br \/>\nSepse fuqia e nj\u00eb vendi \u00ebsht\u00eb te ndryshimet, jo te ngjashm\u00ebrit\u00eb.<br \/>\nKrenar pra, un\u00eb grek nga prind\u00ebr grek\u00eb, emigrant\u00eb dikur dhe ata n\u00eb vend tjet\u00ebr, ku nj\u00eb f\u00ebmij\u00eb me origjin\u00eb nga Shqip\u00ebria, Nigeria, a diku tjet\u00ebr, ngre flamurin grek. Dhe jo, si nj\u00eb cop\u00eb beze, a nj\u00eb flamur shansi.<br \/>\nPor si ndjenja q\u00eb nuk munden dhe nuk do t\u00eb munden t\u2019i ndjejn\u00eb kurr\u00eb t\u00eb gjith\u00eb fashist\u00ebt bashk\u00eb.<\/p>\n","protected":false},"excerpt":{"rendered":"<p>Vasilis S. Kanellis. 21 gusht 2022 (Burimi \u201cIN\u201d gr. Shqip nga Sk\u00ebnder Demolli). \u201cJam Elina Xhengo, bij\u00eb nd\u00ebrtuesi shqiptar dhe shqiptares pastruese. Linda n\u00eb Greqi, e dua k\u00ebt\u00eb vend, por jam dhe nga Shqip\u00ebria. Dhe mbaj sot me krenari flamurin grek\u201d. Ky \u00ebsht\u00eb jet\u00ebshkrimi i jet\u00ebs s\u00eb 19 vje\u00e7ares, q\u00eb na dhuroi nj\u00eb medalje evropiane [&hellip;]<\/p>\n","protected":false},"author":2,"featured_media":15275,"comment_status":"open","ping_status":"open","sticky":false,"template":"","format":"standard","meta":{"footnotes":""},"categories":[118],"tags":[],"class_list":{"0":"post-15274","1":"post","2":"type-post","3":"status-publish","4":"format-standard","5":"has-post-thumbnail","7":"category-kryesore"},"_links":{"self":[{"href":"https:\/\/neutrale.al\/index.php\/wp-json\/wp\/v2\/posts\/15274","targetHints":{"allow":["GET"]}}],"collection":[{"href":"https:\/\/neutrale.al\/index.php\/wp-json\/wp\/v2\/posts"}],"about":[{"href":"https:\/\/neutrale.al\/index.php\/wp-json\/wp\/v2\/types\/post"}],"author":[{"embeddable":true,"href":"https:\/\/neutrale.al\/index.php\/wp-json\/wp\/v2\/users\/2"}],"replies":[{"embeddable":true,"href":"https:\/\/neutrale.al\/index.php\/wp-json\/wp\/v2\/comments?post=15274"}],"version-history":[{"count":1,"href":"https:\/\/neutrale.al\/index.php\/wp-json\/wp\/v2\/posts\/15274\/revisions"}],"predecessor-version":[{"id":15276,"href":"https:\/\/neutrale.al\/index.php\/wp-json\/wp\/v2\/posts\/15274\/revisions\/15276"}],"wp:featuredmedia":[{"embeddable":true,"href":"https:\/\/neutrale.al\/index.php\/wp-json\/wp\/v2\/media\/15275"}],"wp:attachment":[{"href":"https:\/\/neutrale.al\/index.php\/wp-json\/wp\/v2\/media?parent=15274"}],"wp:term":[{"taxonomy":"category","embeddable":true,"href":"https:\/\/neutrale.al\/index.php\/wp-json\/wp\/v2\/categories?post=15274"},{"taxonomy":"post_tag","embeddable":true,"href":"https:\/\/neutrale.al\/index.php\/wp-json\/wp\/v2\/tags?post=15274"}],"curies":[{"name":"wp","href":"https:\/\/api.w.org\/{rel}","templated":true}]}}