{"id":15188,"date":"2022-08-23T15:48:17","date_gmt":"2022-08-23T15:48:17","guid":{"rendered":"https:\/\/neutrale.al\/?p=15188"},"modified":"2022-08-23T15:48:17","modified_gmt":"2022-08-23T15:48:17","slug":"bbc-simon-bolivari-gjenerali-me-i-rendesishem-ne-histori","status":"publish","type":"post","link":"https:\/\/neutrale.al\/index.php\/2022\/08\/23\/bbc-simon-bolivari-gjenerali-me-i-rendesishem-ne-histori\/","title":{"rendered":"BBC: SIMON BOLIVARI- Gjenerali m\u00eb i r\u00ebnd\u00ebsish\u00ebm n\u00eb histori"},"content":{"rendered":"<p>BBC londineze e ka shpallur gjeneralin m\u00eb t\u00eb r\u00ebnd\u00ebsish\u00ebm n\u00eb histori: Deri n\u00eb mosh\u00ebn 47-vje\u00e7are, luftoi n\u00eb 447 beteja dhe u mund vet\u00ebm 6 her\u00eb. Udh\u00ebtoi kaluar 123 mij\u00eb km, duke p\u00ebrshkuar 10 her\u00eb m\u00eb shum\u00eb rrug\u00eb se Hanibali, 3 her\u00eb m\u00eb shum\u00eb se Napoleoni dhe dy her\u00eb m\u00eb shum\u00eb se Aleksandri i Madh. Mundi Spanj\u00ebn, perandorin\u00eb m\u00eb t\u00eb fuqishme t\u00eb koh\u00ebs s\u00eb tij, duke fituar lirin\u00eb e pes\u00eb kombeve, p\u00ebrfshir\u00eb atdheun e tij, Kolumbin\u00eb. <\/p>\n<p>A \u00ebsht\u00eb njeriu m\u00eb i r\u00ebnd\u00ebsish\u00ebm n\u00eb historin\u00eb e njer\u00ebzimit?<br \/>\nPse nuk ju m\u00ebsojn\u00eb p\u00ebr k\u00ebt\u00eb n\u00eb shkoll\u00eb?<br \/>\nPse nuk ka shum\u00eb filma p\u00ebr k\u00ebt\u00eb njeri t\u00eb jasht\u00ebzakonsh\u00ebm?<br \/>\nPse nuk duhet qen\u00eb krenar\u00eb p\u00ebr trash\u00ebgimin\u00eb e tij? <\/p>\n<p>Por sa pse t\u00eb tilla ka n\u00eb historin\u00eb e njer\u00ebzimit!<\/p>\n<p><img loading=\"lazy\" loading=\"lazy\" decoding=\"async\" src=\"https:\/\/neutrale.al\/wp-content\/uploads\/2022\/08\/6DDC678B-65F4-423B-BBE3-D2C02ECF881D-212x300.jpeg\" alt=\"\" width=\"212\" height=\"300\" class=\"alignnone size-medium wp-image-15189\" srcset=\"https:\/\/neutrale.al\/wp-content\/uploads\/2022\/08\/6DDC678B-65F4-423B-BBE3-D2C02ECF881D-212x300.jpeg 212w, https:\/\/neutrale.al\/wp-content\/uploads\/2022\/08\/6DDC678B-65F4-423B-BBE3-D2C02ECF881D.jpeg 440w\" sizes=\"auto, (max-width: 212px) 100vw, 212px\" \/><\/p>\n","protected":false},"excerpt":{"rendered":"<p>BBC londineze e ka shpallur gjeneralin m\u00eb t\u00eb r\u00ebnd\u00ebsish\u00ebm n\u00eb histori: Deri n\u00eb mosh\u00ebn 47-vje\u00e7are, luftoi n\u00eb 447 beteja dhe u mund vet\u00ebm 6 her\u00eb. Udh\u00ebtoi kaluar 123 mij\u00eb km, duke p\u00ebrshkuar 10 her\u00eb m\u00eb shum\u00eb rrug\u00eb se Hanibali, 3 her\u00eb m\u00eb shum\u00eb se Napoleoni dhe dy her\u00eb m\u00eb shum\u00eb se Aleksandri i Madh. Mundi [&hellip;]<\/p>\n","protected":false},"author":2,"featured_media":15190,"comment_status":"open","ping_status":"open","sticky":false,"template":"","format":"standard","meta":{"footnotes":""},"categories":[1],"tags":[],"class_list":{"0":"post-15188","1":"post","2":"type-post","3":"status-publish","4":"format-standard","5":"has-post-thumbnail","7":"category-te-tjera"},"_links":{"self":[{"href":"https:\/\/neutrale.al\/index.php\/wp-json\/wp\/v2\/posts\/15188","targetHints":{"allow":["GET"]}}],"collection":[{"href":"https:\/\/neutrale.al\/index.php\/wp-json\/wp\/v2\/posts"}],"about":[{"href":"https:\/\/neutrale.al\/index.php\/wp-json\/wp\/v2\/types\/post"}],"author":[{"embeddable":true,"href":"https:\/\/neutrale.al\/index.php\/wp-json\/wp\/v2\/users\/2"}],"replies":[{"embeddable":true,"href":"https:\/\/neutrale.al\/index.php\/wp-json\/wp\/v2\/comments?post=15188"}],"version-history":[{"count":1,"href":"https:\/\/neutrale.al\/index.php\/wp-json\/wp\/v2\/posts\/15188\/revisions"}],"predecessor-version":[{"id":15191,"href":"https:\/\/neutrale.al\/index.php\/wp-json\/wp\/v2\/posts\/15188\/revisions\/15191"}],"wp:featuredmedia":[{"embeddable":true,"href":"https:\/\/neutrale.al\/index.php\/wp-json\/wp\/v2\/media\/15190"}],"wp:attachment":[{"href":"https:\/\/neutrale.al\/index.php\/wp-json\/wp\/v2\/media?parent=15188"}],"wp:term":[{"taxonomy":"category","embeddable":true,"href":"https:\/\/neutrale.al\/index.php\/wp-json\/wp\/v2\/categories?post=15188"},{"taxonomy":"post_tag","embeddable":true,"href":"https:\/\/neutrale.al\/index.php\/wp-json\/wp\/v2\/tags?post=15188"}],"curies":[{"name":"wp","href":"https:\/\/api.w.org\/{rel}","templated":true}]}}