{"id":15130,"date":"2022-08-23T10:21:44","date_gmt":"2022-08-23T10:21:44","guid":{"rendered":"https:\/\/neutrale.al\/?p=15130"},"modified":"2022-08-23T10:21:44","modified_gmt":"2022-08-23T10:21:44","slug":"gjelosh-progni-homazh-per-400-femije-te-vdekur-ne-kampin-e-tepelenes","status":"publish","type":"post","link":"https:\/\/neutrale.al\/index.php\/2022\/08\/23\/gjelosh-progni-homazh-per-400-femije-te-vdekur-ne-kampin-e-tepelenes\/","title":{"rendered":"Gjelosh Progni\/ Homazh p\u00ebr 400 f\u00ebmij\u00eb t\u00eb vdekur n\u00eb kampin e Tepelen\u00ebs"},"content":{"rendered":"<p>N\u00eb k\u00ebt\u00eb 23 Gusht si dita e vuajtjes, sakrific\u00ebs, torturave, vrasjeve e internimeve nga dora gjakatare e diktatur\u00ebs komuniste, familja jon\u00eb kujton birin ton\u00eb Ndue Gjon Progni i vdekur n\u00eb mosh\u00ebn 7 vje\u00e7are n\u00eb kampin e internimit fam\u00ebkeq t\u00eb Tepelen\u00ebs n\u00eb vitin 1951( i biri i ushtarakut e Oficerit te Lart\u00eb t\u00eb Mbretit Zog, intelektualit, poetit, patriotit e atdhetarit Gjon Progni i vdekur ne Bruksel 1973), i cili nuk ka nj\u00eb varr sot p\u00ebr ti vendosur nje lule.<br \/>\nPo ashtu nj\u00eb homazh p\u00ebr rreth 400 f\u00ebmij\u00eb t\u00eb vdekur t\u00eb pafajsh\u00ebm n\u00eb kampin e internimit n\u00eb Tepelen\u00ebs nga mungesa e ushqimit dhe s\u00ebmundjet si dhe p\u00ebr gjith\u00eb viktimat e komunizmit por edhe dite e sh\u00ebnuar bot\u00ebror e viktimave t\u00eb regjimeve totalitare.<br \/>\nNuk ka sherim t\u00eb plag\u00ebve t\u00eb shqiptar\u00ebve t\u00eb vuajtur nga diktatura dhe qet\u00ebsimin shpirt\u00ebror te viktimave pa u nd\u00ebshkuar e d\u00ebnuar krimet e kriminel\u00ebt e komunizmit, dekomunistizimin, deklasifikimin e dosjeve t\u00eb sigurimit te shtetit dhe bashk\u00ebpun\u00ebtor\u00ebve tyre dhe lustracionin e plot\u00eb.<br \/>\nPOSHTE KOMUNIZMI!<br \/>\nMir\u00ebnjohje p\u00ebrjet\u00eb e kujtim i paharruar p\u00ebr viktimat e komunizmit!<\/p>\n<p><img loading=\"lazy\" loading=\"lazy\" decoding=\"async\" src=\"https:\/\/neutrale.al\/wp-content\/uploads\/2022\/08\/2461DC87-D1DE-4D33-BBC3-C7534AF073D0-300x200.jpeg\" alt=\"\" width=\"300\" height=\"200\" class=\"alignnone size-medium wp-image-15131\" srcset=\"https:\/\/neutrale.al\/wp-content\/uploads\/2022\/08\/2461DC87-D1DE-4D33-BBC3-C7534AF073D0-300x200.jpeg 300w, https:\/\/neutrale.al\/wp-content\/uploads\/2022\/08\/2461DC87-D1DE-4D33-BBC3-C7534AF073D0-330x220.jpeg 330w, https:\/\/neutrale.al\/wp-content\/uploads\/2022\/08\/2461DC87-D1DE-4D33-BBC3-C7534AF073D0-420x280.jpeg 420w, https:\/\/neutrale.al\/wp-content\/uploads\/2022\/08\/2461DC87-D1DE-4D33-BBC3-C7534AF073D0-615x410.jpeg 615w, https:\/\/neutrale.al\/wp-content\/uploads\/2022\/08\/2461DC87-D1DE-4D33-BBC3-C7534AF073D0.jpeg 640w\" sizes=\"auto, (max-width: 300px) 100vw, 300px\" \/><\/p>\n","protected":false},"excerpt":{"rendered":"<p>N\u00eb k\u00ebt\u00eb 23 Gusht si dita e vuajtjes, sakrific\u00ebs, torturave, vrasjeve e internimeve nga dora gjakatare e diktatur\u00ebs komuniste, familja jon\u00eb kujton birin ton\u00eb Ndue Gjon Progni i vdekur n\u00eb mosh\u00ebn 7 vje\u00e7are n\u00eb kampin e internimit fam\u00ebkeq t\u00eb Tepelen\u00ebs n\u00eb vitin 1951( i biri i ushtarakut e Oficerit te Lart\u00eb t\u00eb Mbretit Zog, intelektualit, [&hellip;]<\/p>\n","protected":false},"author":2,"featured_media":15132,"comment_status":"open","ping_status":"open","sticky":false,"template":"","format":"standard","meta":{"footnotes":""},"categories":[2],"tags":[],"class_list":{"0":"post-15130","1":"post","2":"type-post","3":"status-publish","4":"format-standard","5":"has-post-thumbnail","7":"category-opinione"},"_links":{"self":[{"href":"https:\/\/neutrale.al\/index.php\/wp-json\/wp\/v2\/posts\/15130","targetHints":{"allow":["GET"]}}],"collection":[{"href":"https:\/\/neutrale.al\/index.php\/wp-json\/wp\/v2\/posts"}],"about":[{"href":"https:\/\/neutrale.al\/index.php\/wp-json\/wp\/v2\/types\/post"}],"author":[{"embeddable":true,"href":"https:\/\/neutrale.al\/index.php\/wp-json\/wp\/v2\/users\/2"}],"replies":[{"embeddable":true,"href":"https:\/\/neutrale.al\/index.php\/wp-json\/wp\/v2\/comments?post=15130"}],"version-history":[{"count":1,"href":"https:\/\/neutrale.al\/index.php\/wp-json\/wp\/v2\/posts\/15130\/revisions"}],"predecessor-version":[{"id":15133,"href":"https:\/\/neutrale.al\/index.php\/wp-json\/wp\/v2\/posts\/15130\/revisions\/15133"}],"wp:featuredmedia":[{"embeddable":true,"href":"https:\/\/neutrale.al\/index.php\/wp-json\/wp\/v2\/media\/15132"}],"wp:attachment":[{"href":"https:\/\/neutrale.al\/index.php\/wp-json\/wp\/v2\/media?parent=15130"}],"wp:term":[{"taxonomy":"category","embeddable":true,"href":"https:\/\/neutrale.al\/index.php\/wp-json\/wp\/v2\/categories?post=15130"},{"taxonomy":"post_tag","embeddable":true,"href":"https:\/\/neutrale.al\/index.php\/wp-json\/wp\/v2\/tags?post=15130"}],"curies":[{"name":"wp","href":"https:\/\/api.w.org\/{rel}","templated":true}]}}