{"id":14590,"date":"2022-08-19T08:30:46","date_gmt":"2022-08-19T08:30:46","guid":{"rendered":"https:\/\/neutrale.al\/?p=14590"},"modified":"2022-08-19T08:30:46","modified_gmt":"2022-08-19T08:30:46","slug":"me-kobure-ne-brez-22-vjecari-arrestohet-ne-burrel","status":"publish","type":"post","link":"https:\/\/neutrale.al\/index.php\/2022\/08\/19\/me-kobure-ne-brez-22-vjecari-arrestohet-ne-burrel\/","title":{"rendered":"Me kobure n\u00eb brez, 22 vje\u00e7ari arrestohet n\u00eb Burrel."},"content":{"rendered":"<p>Me arm\u00eb zjarri n\u00eb brez, kapet n\u00eb qend\u00ebr t\u00eb qytetit t\u00eb Burrelit dhe vihet n\u00eb pranga 22-vje\u00e7ari nga Tirana.<br \/>\nNjoftimi: <\/p>\n<p>Sekuestrohen nj\u00eb arm\u00eb zjarri pistolet\u00eb dhe 10 fishek\u00eb. <\/p>\n<p>Sh\u00ebrbimet e Komisariatit t\u00eb Policis\u00eb Mat, n\u00eb vijim t\u00eb pun\u00ebs p\u00ebr parandalimin dhe goditjen e veprimtaris\u00eb kriminale t\u00eb arm\u00ebmbajtjes pa leje, bazuar dhe n\u00eb informacionet e marra n\u00eb rrug\u00eb operative se nj\u00eb shtetas qarkullonte me arm\u00eb zjarri, kan\u00eb organizuar dhe finalizuar me sukses operacionin policor t\u00eb koduar \u201cFokus\u201d, si rezultat i t\u00eb cilit u b\u00eb kapja dhe arrestimi n\u00eb flagranc\u00eb i shtetasit: <\/p>\n<p>-I. R., 22 vje\u00e7, banues n\u00eb Tiran\u00eb, p\u00ebr vepr\u00ebn penale \u201cMbajtja pa leje e arm\u00ebve, arm\u00ebve shp\u00ebrthyese dhe i municionit\u201d, pasi gjat\u00eb kontrollit fizik nga sh\u00ebrbimet e Policis\u00eb, 22-vje\u00e7arit iu gjet\u00ebn t\u00eb fshehura n\u00eb trup dhe iu sekuestruan nj\u00eb arm\u00eb zjarri pistolet\u00eb \u201cGlock\u201d dhe 10 fishek\u00eb. <\/p>\n<p>Materialet i kaluan Prokuroris\u00eb, p\u00ebr veprime t\u00eb m\u00ebtejshme procedurale.<\/p>\n","protected":false},"excerpt":{"rendered":"<p>Me arm\u00eb zjarri n\u00eb brez, kapet n\u00eb qend\u00ebr t\u00eb qytetit t\u00eb Burrelit dhe vihet n\u00eb pranga 22-vje\u00e7ari nga Tirana. Njoftimi: Sekuestrohen nj\u00eb arm\u00eb zjarri pistolet\u00eb dhe 10 fishek\u00eb. Sh\u00ebrbimet e Komisariatit t\u00eb Policis\u00eb Mat, n\u00eb vijim t\u00eb pun\u00ebs p\u00ebr parandalimin dhe goditjen e veprimtaris\u00eb kriminale t\u00eb arm\u00ebmbajtjes pa leje, bazuar dhe n\u00eb informacionet e marra [&hellip;]<\/p>\n","protected":false},"author":2,"featured_media":14591,"comment_status":"open","ping_status":"open","sticky":false,"template":"","format":"standard","meta":{"footnotes":""},"categories":[117,118],"tags":[27],"class_list":{"0":"post-14590","1":"post","2":"type-post","3":"status-publish","4":"format-standard","5":"has-post-thumbnail","7":"category-aktualitet","8":"category-kryesore","9":"tag-lajme"},"_links":{"self":[{"href":"https:\/\/neutrale.al\/index.php\/wp-json\/wp\/v2\/posts\/14590","targetHints":{"allow":["GET"]}}],"collection":[{"href":"https:\/\/neutrale.al\/index.php\/wp-json\/wp\/v2\/posts"}],"about":[{"href":"https:\/\/neutrale.al\/index.php\/wp-json\/wp\/v2\/types\/post"}],"author":[{"embeddable":true,"href":"https:\/\/neutrale.al\/index.php\/wp-json\/wp\/v2\/users\/2"}],"replies":[{"embeddable":true,"href":"https:\/\/neutrale.al\/index.php\/wp-json\/wp\/v2\/comments?post=14590"}],"version-history":[{"count":1,"href":"https:\/\/neutrale.al\/index.php\/wp-json\/wp\/v2\/posts\/14590\/revisions"}],"predecessor-version":[{"id":14592,"href":"https:\/\/neutrale.al\/index.php\/wp-json\/wp\/v2\/posts\/14590\/revisions\/14592"}],"wp:featuredmedia":[{"embeddable":true,"href":"https:\/\/neutrale.al\/index.php\/wp-json\/wp\/v2\/media\/14591"}],"wp:attachment":[{"href":"https:\/\/neutrale.al\/index.php\/wp-json\/wp\/v2\/media?parent=14590"}],"wp:term":[{"taxonomy":"category","embeddable":true,"href":"https:\/\/neutrale.al\/index.php\/wp-json\/wp\/v2\/categories?post=14590"},{"taxonomy":"post_tag","embeddable":true,"href":"https:\/\/neutrale.al\/index.php\/wp-json\/wp\/v2\/tags?post=14590"}],"curies":[{"name":"wp","href":"https:\/\/api.w.org\/{rel}","templated":true}]}}