{"id":14573,"date":"2022-08-19T08:24:06","date_gmt":"2022-08-19T08:24:06","guid":{"rendered":"https:\/\/neutrale.al\/?p=14573"},"modified":"2022-08-19T08:24:06","modified_gmt":"2022-08-19T08:24:06","slug":"abazovic-sot-ne-proven-e-mocionit-te-mosbesimit","status":"publish","type":"post","link":"https:\/\/neutrale.al\/index.php\/2022\/08\/19\/abazovic-sot-ne-proven-e-mocionit-te-mosbesimit\/","title":{"rendered":"Abazovi\u00e7 sot n\u00eb prov\u00ebn e mocionit t\u00eb mosbesimit"},"content":{"rendered":"<p>Qeveria e Malit t\u00eb Zi e drejtuar nga Dritan Abazovi\u00e7 do t\u00eb p\u00ebrballet sot me vot\u00ebn e mosbesimit. <\/p>\n<p>Iniciativa p\u00ebr thirrjen e mocionit \u00ebsht\u00eb b\u00ebr\u00eb nga Partia Demokratike Socialiste e presidentit Millo Gjukanovi\u00e7, mb\u00ebshtetur nga pes\u00eb parti t\u00eb vogla. <\/p>\n<p>Jan\u00eb 36 n\u00ebnshkrime t\u00eb mbledhura deri tani nga deputet\u00ebt p\u00ebr thirrjen e k\u00ebsaj seance, por duhen edhe pes\u00eb t\u00eb tjera. <\/p>\n<p>Mocioni i mosbesimit ndaj qeveris\u00eb q\u00eb drejton Abaqzovi\u00e7 \u00ebsht\u00eb thirrur pas marr\u00ebveshjes me\u00a0Kish\u00ebn Ortodokse Serbe. <\/p>\n<p>Nj\u00eb marr\u00ebveshje kjo q\u00eb shkaktoi furtun\u00eb n\u00eb politik\u00ebn dhe opinionin e fqinjit ton\u00eb verior, deri n\u00eb k\u00ebrc\u00ebnimin me jet\u00eb t\u00eb kryeministrit Abazovi\u00e7.<\/p>\n","protected":false},"excerpt":{"rendered":"<p>Qeveria e Malit t\u00eb Zi e drejtuar nga Dritan Abazovi\u00e7 do t\u00eb p\u00ebrballet sot me vot\u00ebn e mosbesimit. Iniciativa p\u00ebr thirrjen e mocionit \u00ebsht\u00eb b\u00ebr\u00eb nga Partia Demokratike Socialiste e presidentit Millo Gjukanovi\u00e7, mb\u00ebshtetur nga pes\u00eb parti t\u00eb vogla. Jan\u00eb 36 n\u00ebnshkrime t\u00eb mbledhura deri tani nga deputet\u00ebt p\u00ebr thirrjen e k\u00ebsaj seance, por duhen [&hellip;]<\/p>\n","protected":false},"author":2,"featured_media":14574,"comment_status":"open","ping_status":"open","sticky":false,"template":"","format":"standard","meta":{"footnotes":""},"categories":[6],"tags":[27],"class_list":{"0":"post-14573","1":"post","2":"type-post","3":"status-publish","4":"format-standard","5":"has-post-thumbnail","7":"category-rajoni","8":"tag-lajme"},"_links":{"self":[{"href":"https:\/\/neutrale.al\/index.php\/wp-json\/wp\/v2\/posts\/14573","targetHints":{"allow":["GET"]}}],"collection":[{"href":"https:\/\/neutrale.al\/index.php\/wp-json\/wp\/v2\/posts"}],"about":[{"href":"https:\/\/neutrale.al\/index.php\/wp-json\/wp\/v2\/types\/post"}],"author":[{"embeddable":true,"href":"https:\/\/neutrale.al\/index.php\/wp-json\/wp\/v2\/users\/2"}],"replies":[{"embeddable":true,"href":"https:\/\/neutrale.al\/index.php\/wp-json\/wp\/v2\/comments?post=14573"}],"version-history":[{"count":1,"href":"https:\/\/neutrale.al\/index.php\/wp-json\/wp\/v2\/posts\/14573\/revisions"}],"predecessor-version":[{"id":14575,"href":"https:\/\/neutrale.al\/index.php\/wp-json\/wp\/v2\/posts\/14573\/revisions\/14575"}],"wp:featuredmedia":[{"embeddable":true,"href":"https:\/\/neutrale.al\/index.php\/wp-json\/wp\/v2\/media\/14574"}],"wp:attachment":[{"href":"https:\/\/neutrale.al\/index.php\/wp-json\/wp\/v2\/media?parent=14573"}],"wp:term":[{"taxonomy":"category","embeddable":true,"href":"https:\/\/neutrale.al\/index.php\/wp-json\/wp\/v2\/categories?post=14573"},{"taxonomy":"post_tag","embeddable":true,"href":"https:\/\/neutrale.al\/index.php\/wp-json\/wp\/v2\/tags?post=14573"}],"curies":[{"name":"wp","href":"https:\/\/api.w.org\/{rel}","templated":true}]}}