{"id":14321,"date":"2022-08-18T07:42:26","date_gmt":"2022-08-18T07:42:26","guid":{"rendered":"https:\/\/neutrale.al\/?p=14321"},"modified":"2022-08-18T07:42:26","modified_gmt":"2022-08-18T07:42:26","slug":"ndahet-nga-jeta-ish-ministri-i-bujqesise-dhe-ish-rektor-i-universitetit-bujqesor","status":"publish","type":"post","link":"https:\/\/neutrale.al\/index.php\/2022\/08\/18\/ndahet-nga-jeta-ish-ministri-i-bujqesise-dhe-ish-rektor-i-universitetit-bujqesor\/","title":{"rendered":"Ndahet nga jeta ish Ministri i Bujq\u00ebsis\u00eb dhe ish rektor i Universitetit Bujq\u00ebsor."},"content":{"rendered":"<p>N\u00eb mosh\u00ebn 82-vje\u00e7are \u00ebsht\u00eb ndar\u00eb nga jeta\u00a0ish-ministri i Bujq\u00ebsis\u00eb, Haxhi Aliko. <\/p>\n<p>Lajmi \u00ebsht\u00eb b\u00ebr\u00eb i ditur nga miq dhe t\u00eb af\u00ebrm t\u00eb politikanit, t\u00eb cil\u00ebt kan\u00eb ndar\u00eb lajmin e hidhur n\u00eb Facebook. <\/p>\n<p>Prof.Dr Haxhi Aliko ka pas qen\u00eb rektor i Institutit t\u00eb Lart\u00eb Bujq\u00ebsor, sot Universiteti Bujq\u00ebsor i Tiran\u00ebs. <\/p>\n<p>Ai ka qen\u00eb edhe Minist\u00ebr i Bujq\u00ebsis\u00eb p\u00ebr nj\u00eb periudh\u00eb disa mujore, n\u00eb vitin 1997, n\u00eb t\u00eb ashtuquajtur\u00ebn Qeveri e Pajtimit Komb\u00ebtar, ku kryeminist\u00ebr ishte Bashkim Fino.<\/p>\n","protected":false},"excerpt":{"rendered":"<p>N\u00eb mosh\u00ebn 82-vje\u00e7are \u00ebsht\u00eb ndar\u00eb nga jeta\u00a0ish-ministri i Bujq\u00ebsis\u00eb, Haxhi Aliko. Lajmi \u00ebsht\u00eb b\u00ebr\u00eb i ditur nga miq dhe t\u00eb af\u00ebrm t\u00eb politikanit, t\u00eb cil\u00ebt kan\u00eb ndar\u00eb lajmin e hidhur n\u00eb Facebook. Prof.Dr Haxhi Aliko ka pas qen\u00eb rektor i Institutit t\u00eb Lart\u00eb Bujq\u00ebsor, sot Universiteti Bujq\u00ebsor i Tiran\u00ebs. Ai ka qen\u00eb edhe Minist\u00ebr i [&hellip;]<\/p>\n","protected":false},"author":2,"featured_media":14322,"comment_status":"open","ping_status":"open","sticky":false,"template":"","format":"standard","meta":{"footnotes":""},"categories":[1],"tags":[27],"class_list":{"0":"post-14321","1":"post","2":"type-post","3":"status-publish","4":"format-standard","5":"has-post-thumbnail","7":"category-te-tjera","8":"tag-lajme"},"_links":{"self":[{"href":"https:\/\/neutrale.al\/index.php\/wp-json\/wp\/v2\/posts\/14321","targetHints":{"allow":["GET"]}}],"collection":[{"href":"https:\/\/neutrale.al\/index.php\/wp-json\/wp\/v2\/posts"}],"about":[{"href":"https:\/\/neutrale.al\/index.php\/wp-json\/wp\/v2\/types\/post"}],"author":[{"embeddable":true,"href":"https:\/\/neutrale.al\/index.php\/wp-json\/wp\/v2\/users\/2"}],"replies":[{"embeddable":true,"href":"https:\/\/neutrale.al\/index.php\/wp-json\/wp\/v2\/comments?post=14321"}],"version-history":[{"count":1,"href":"https:\/\/neutrale.al\/index.php\/wp-json\/wp\/v2\/posts\/14321\/revisions"}],"predecessor-version":[{"id":14323,"href":"https:\/\/neutrale.al\/index.php\/wp-json\/wp\/v2\/posts\/14321\/revisions\/14323"}],"wp:featuredmedia":[{"embeddable":true,"href":"https:\/\/neutrale.al\/index.php\/wp-json\/wp\/v2\/media\/14322"}],"wp:attachment":[{"href":"https:\/\/neutrale.al\/index.php\/wp-json\/wp\/v2\/media?parent=14321"}],"wp:term":[{"taxonomy":"category","embeddable":true,"href":"https:\/\/neutrale.al\/index.php\/wp-json\/wp\/v2\/categories?post=14321"},{"taxonomy":"post_tag","embeddable":true,"href":"https:\/\/neutrale.al\/index.php\/wp-json\/wp\/v2\/tags?post=14321"}],"curies":[{"name":"wp","href":"https:\/\/api.w.org\/{rel}","templated":true}]}}