{"id":13950,"date":"2022-08-15T10:00:05","date_gmt":"2022-08-15T10:00:05","guid":{"rendered":"https:\/\/neutrale.al\/?p=13950"},"modified":"2022-08-15T10:00:05","modified_gmt":"2022-08-15T10:00:05","slug":"vendimi-i-qeverise-rritet-pagesa-per-ndihmen-ekonomike-dhe-kategori-te-tjera-si-aftesia-e-kufizuar-dhe-kujdestaria-e-personit","status":"publish","type":"post","link":"https:\/\/neutrale.al\/index.php\/2022\/08\/15\/vendimi-i-qeverise-rritet-pagesa-per-ndihmen-ekonomike-dhe-kategori-te-tjera-si-aftesia-e-kufizuar-dhe-kujdestaria-e-personit\/","title":{"rendered":"Vendimi i qeveris\u00eb: Rritet pagesa p\u00ebr ndihm\u00ebn ekonomike dhe kategori t\u00eb tjera si, aft\u00ebsia e kufizuar dhe kujdestaria e personit&#8230;"},"content":{"rendered":"<p>Ministria e Sh\u00ebndet\u00ebsis\u00eb dhe Mbrojtjes Sociale ka p\u00ebrcaktuar sasin\u00eb e ndihmave sociale q\u00eb do t\u00eb p\u00ebrfitojn\u00eb duke filluar nga viti tjet\u00ebr personat me aft\u00ebsi t\u00eb kufizuara, ata q\u00eb trajtohen me ndihm\u00eb ekonomike dhe jovet\u00ebm, sipas kategorive t\u00eb njohura nga ligji, si dhe kujdestar\u00ebt e tyre. Sipas ligjit n\u00eb fuqi p\u00ebr mbrojtjen sociale, pagesa p\u00ebr shkak t\u00eb aft\u00ebsis\u00eb s\u00eb kufizuar \u00ebsht\u00eb nj\u00eb pages\u00eb mujore, e cila jepet n\u00eb muajin pasardh\u00ebs nga data e vendimit p\u00ebr p\u00ebrfitime, me q\u00ebllim p\u00ebrmbushjen e nevojave elementare, t\u00eb lidhura me aft\u00ebsin\u00eb e kufizuar, e cila p\u00ebrfitohet nga personat t\u00eb cil\u00ebt jan\u00eb deklaruar si t\u00eb till\u00eb me vendim t\u00eb komisionit shum\u00ebdisiplinor t\u00eb vler\u00ebsimit t\u00eb aft\u00ebsis\u00eb s\u00eb kufizuar. Ky vendim vjen n\u00eb kuad\u00ebr t\u00eb planit t\u00eb menaxhimit t\u00eb qeveris\u00eb p\u00ebr vitet 2023-2025, nd\u00ebrsa bie n\u00eb sy se synohet t\u00eb shtohet numri i personave q\u00eb marrin kujdestari, p\u00ebr shkak se japin ndihm\u00eb ndaj personave me aft\u00ebsi t\u00eb kufizuar dhe ata q\u00eb trajtohen me ndihm\u00eb ekonomike. Po ashtu, p\u00ebrmes k\u00ebtij vendimi ndihma ekonomike p\u00ebr kategorit\u00eb e ndryshme nga 3 mij\u00eb lek\u00eb t\u00eb reja shkon n\u00eb 9 mije lek\u00eb t\u00eb reja. <\/p>\n<p>Vendimi ka hyr\u00eb n\u00eb fuqi dhe \u00ebsht\u00eb botuara n\u00eb Fletoren Zyrtare <\/p>\n<p>N\u00eb fush\u00ebn e mbrojtjes sociale, Ministria e Sh\u00ebndet\u00ebsis\u00eb dhe Mbrojtjes Sociale synon zbatimin me sukses t\u00eb reform\u00ebs s\u00eb programit t\u00eb p\u00ebrkujdesit social n\u00eb tre shtyllat kryesore t\u00eb tij: Ndihma Ekonomike, Aft\u00ebsia e Kufizuar dhe Sh\u00ebrbimet Sociale. M\u00eb konkretisht synohet:<br \/>\n&#8211; Numri i familjeve dhe individ\u00ebve n\u00eb nevoj\u00eb q\u00eb pritet t\u00eb p\u00ebrfitojn\u00eb nga skema e ndihm\u00ebs ekonomike parashikohet t\u00eb jet\u00eb mesatarisht 64 mij\u00eb p\u00ebrfitues n\u00eb vit p\u00ebrgjat\u00eb periudh\u00ebn 2023-2025; <\/p>\n<p>&#8211; Numri i p\u00ebrfituesve nga PAK dhe kujdestar\u00ebve t\u00eb tyre parashikohet t\u00eb shkoj\u00eb n\u00eb 158 mij\u00eb n\u00eb vitin 2025, n\u00eb kuad\u00ebr t\u00eb reformimit t\u00eb sistemit t\u00eb vler\u00ebsimit t\u00eb aft\u00ebsis\u00eb s\u00eb kufizuar; <\/p>\n<p>&#8211; Mb\u00ebshtetja e personave nga grupet e pafavorizuara p\u00ebrmes pun\u00ebsimit n\u00eb nd\u00ebrmarrjet sociale synohet q\u00eb n\u00eb periudh\u00ebn 2023-2025, t\u00eb realizohet duke pun\u00ebsuar 70 persona \u00e7do vit. <\/p>\n<p>Rritja e Fondit <\/p>\n<p>Mb\u00ebshtetjen e fondit social p\u00ebr nj\u00ebsit\u00eb e vetqeverisjes vendore p\u00ebr ofrimin e sh\u00ebrbimeve t\u00eb reja sociale territoriale p\u00ebr grupet n\u00eb nevoj\u00eb dhe mb\u00ebshtetjen e familjeve t\u00eb NE me paketa sociale sh\u00ebndet\u00ebsore, me nj\u00eb fond nga 200 milion lek\u00eb n\u00eb 300 milion lek\u00eb p\u00ebr vitet 2023-2025. <\/p>\n<p>&#8211; P\u00ebr vitet 2023-2025, vijon t\u00eb financohet politika e rishikimit t\u00eb mas\u00ebs s\u00eb p\u00ebrfitimit t\u00eb ndihm\u00ebs ekonomike, n\u00eb t\u00eb cil\u00ebn parashikohet nj\u00eb rritje me 10 %(dhjet\u00eb p\u00ebr qind) t\u00eb mas\u00ebs s\u00eb pages\u00ebs ekzistuese, sipas struktur\u00ebs s\u00eb familjes.<br \/>\n&#8211; P\u00ebrgjat\u00eb viteve 2023-2025, vijon t\u00eb financohet masa e rishikuar e p\u00ebrfitimit n\u00eb rritje p\u00ebr kategorit\u00eb p\u00ebrfituese si m\u00eb posht\u00eb vijon: 9 P\u00ebr viktimat e trafikimit masa e ndihm\u00ebs ekonomike n\u00eb 9 000 lek\u00eb n\u00eb muaj nga 3000 lek\u00eb q\u00eb ka qen\u00eb deri n\u00eb vitin 2021. <\/p>\n<p>&#8211; P\u00ebr \u00e7do viktim\u00eb t\u00eb dhun\u00ebs n\u00eb marr\u00ebdh\u00ebniet familjare q\u00eb nuk trajtohet n\u00eb institucionet e p\u00ebrkujdesjes shoq\u00ebrore, t\u00eb p\u00ebrcaktuar n\u00eb urdhrin e mbrojtjes apo urdhrin e menj\u00ebhersh\u00ebm t\u00eb mbrojtjes, masa e ndihm\u00ebs ekonomike n\u00eb 9 000 lek\u00eb n\u00eb muaj, nga 3000 lek\u00eb q\u00eb ka qen\u00eb deri n\u00eb vitin 2021. P\u00ebr \u00e7do jetim masa e ndihm\u00ebs ekonomike n\u00eb 9 000 lek\u00eb n\u00eb muaj, nga 3000 q\u00eb ka qen\u00eb deri n\u00eb vitin 2021.<br \/>\nFamiljet p\u00ebrfituese n\u00eb programin e ndihm\u00ebs ekonomike, q\u00eb kan\u00eb n\u00eb p\u00ebrb\u00ebrje tre apo m\u00eb shum\u00eb f\u00ebmij\u00eb t\u00eb mosh\u00ebs 0\u201318 vje\u00e7, p\u00ebrfitojn\u00eb dyfishin e mas\u00ebs s\u00eb pages\u00ebs ekzistuese t\u00eb ndihm\u00ebs ekonomike, sipas struktur\u00ebs s\u00eb familjes. <\/p>\n<p>Vendimi, ja \u00e7far\u00eb do sjell\u00eb implementimi i reform\u00ebs <\/p>\n<p>\u00a0&#8211; Rritjen mbi 94% t\u00eb numrit t\u00eb p\u00ebrfituesve t\u00eb varf\u00ebr q\u00eb marrin NE mbi totalin e aplikuesve. <\/p>\n<p>&#8211; Rritjen mbi 70% t\u00eb numrit t\u00eb personave me aft\u00ebsi t\u00ebkufizuar q\u00eb jan\u00eb komisjonuar p\u00ebrmes sistemit te menaxhimit t\u00eb informacionit; <\/p>\n<p>&#8211; Rritjen mbi 90% t\u00eb numrit t\u00eb p\u00ebrfituese t\u00eb grave kryefamiljare q\u00eb marrin Ndihm\u00eb Ekonomike mbi totalin e aplikuesve gra kryefamiljare; <\/p>\n<p>&#8211; Rritja me m\u00eb shum\u00eb se 60 e numrit t\u00eb grave dhe vajzave n\u00eb nevoj\u00eb t\u00eb riintegruara pas trajtimit n\u00eb institucionet e p\u00ebrkujdesit social.<\/p>\n","protected":false},"excerpt":{"rendered":"<p>Ministria e Sh\u00ebndet\u00ebsis\u00eb dhe Mbrojtjes Sociale ka p\u00ebrcaktuar sasin\u00eb e ndihmave sociale q\u00eb do t\u00eb p\u00ebrfitojn\u00eb duke filluar nga viti tjet\u00ebr personat me aft\u00ebsi t\u00eb kufizuara, ata q\u00eb trajtohen me ndihm\u00eb ekonomike dhe jovet\u00ebm, sipas kategorive t\u00eb njohura nga ligji, si dhe kujdestar\u00ebt e tyre. Sipas ligjit n\u00eb fuqi p\u00ebr mbrojtjen sociale, pagesa p\u00ebr shkak [&hellip;]<\/p>\n","protected":false},"author":2,"featured_media":13951,"comment_status":"open","ping_status":"open","sticky":false,"template":"","format":"standard","meta":{"footnotes":""},"categories":[117,118],"tags":[27],"class_list":{"0":"post-13950","1":"post","2":"type-post","3":"status-publish","4":"format-standard","5":"has-post-thumbnail","7":"category-aktualitet","8":"category-kryesore","9":"tag-lajme"},"_links":{"self":[{"href":"https:\/\/neutrale.al\/index.php\/wp-json\/wp\/v2\/posts\/13950","targetHints":{"allow":["GET"]}}],"collection":[{"href":"https:\/\/neutrale.al\/index.php\/wp-json\/wp\/v2\/posts"}],"about":[{"href":"https:\/\/neutrale.al\/index.php\/wp-json\/wp\/v2\/types\/post"}],"author":[{"embeddable":true,"href":"https:\/\/neutrale.al\/index.php\/wp-json\/wp\/v2\/users\/2"}],"replies":[{"embeddable":true,"href":"https:\/\/neutrale.al\/index.php\/wp-json\/wp\/v2\/comments?post=13950"}],"version-history":[{"count":1,"href":"https:\/\/neutrale.al\/index.php\/wp-json\/wp\/v2\/posts\/13950\/revisions"}],"predecessor-version":[{"id":13952,"href":"https:\/\/neutrale.al\/index.php\/wp-json\/wp\/v2\/posts\/13950\/revisions\/13952"}],"wp:featuredmedia":[{"embeddable":true,"href":"https:\/\/neutrale.al\/index.php\/wp-json\/wp\/v2\/media\/13951"}],"wp:attachment":[{"href":"https:\/\/neutrale.al\/index.php\/wp-json\/wp\/v2\/media?parent=13950"}],"wp:term":[{"taxonomy":"category","embeddable":true,"href":"https:\/\/neutrale.al\/index.php\/wp-json\/wp\/v2\/categories?post=13950"},{"taxonomy":"post_tag","embeddable":true,"href":"https:\/\/neutrale.al\/index.php\/wp-json\/wp\/v2\/tags?post=13950"}],"curies":[{"name":"wp","href":"https:\/\/api.w.org\/{rel}","templated":true}]}}