{"id":13617,"date":"2022-08-11T15:17:44","date_gmt":"2022-08-11T15:17:44","guid":{"rendered":"https:\/\/neutrale.al\/?p=13617"},"modified":"2022-08-11T15:17:44","modified_gmt":"2022-08-11T15:17:44","slug":"albert-avduli-falenderim-lamtumire-kolegeve","status":"publish","type":"post","link":"https:\/\/neutrale.al\/index.php\/2022\/08\/11\/albert-avduli-falenderim-lamtumire-kolegeve\/","title":{"rendered":"Albert Avduli\/ FAL\u00cbNDERIM LAMTUMIRE KOLEG\u00cbVE !"},"content":{"rendered":"<p>Sigurisht q\u00eb \u00ebsht\u00eb e drejt\u00eb e secilit n\u00eb zgjedhjen, se ku do ta nd\u00ebrtoj\u00eb jet\u00ebn me familjen e tij, por teksa lexoja statusin e m\u00ebposht\u00ebm n\u00eb rrjetet sociale, m\u00eb pushtoi nj\u00eb trishtim i plot\u00eb.<\/p>\n<p>U trishtova, jo pse nj\u00eb njeri ik\u00ebn p\u00ebr emigrim, specializim apo sepse k\u00ebrkon nj\u00eb jet\u00eb m\u00eb t\u00eb mir\u00eb. Jo, u trishtova sepse autorin e k\u00ebsaj lamtumire e njoh personalisht.<br \/>\nAi \u00ebsht\u00eb nj\u00eb intelektual dhe profesionist i shk\u00eblqyer, q\u00eb fshesa e nd\u00ebrrimit t\u00eb pushteteve e hodhi n\u00eb rrug\u00eb, n\u00eb vitin 2013.<\/p>\n<p>\u00cbsht\u00eb kaq i kulturuar dhe paq\u00ebsor, sa kurr\u00eb nuk b\u00ebri zhurm\u00eb p\u00ebr largimin nga puna, por n\u00eb heshtje, ndoqi procedurat ligjore.<\/p>\n<p>Nuk e kthyen n\u00eb pun\u00eb, por me aft\u00ebsit\u00eb e spikatura dhe virtytet si qytetar, filloi pun\u00eb diku tjet\u00ebr.<\/p>\n<p>N\u00eb sh\u00ebnimin e tij n\u00eb fcb, ai nuk hedh asnj\u00eb mllef, as arsye, \u00ebsht\u00eb kaq paq\u00ebsor dhe pozitiv sa ve\u00e7 fal\u00ebnderon koleg\u00ebt e tij dhe njofton gjith\u00eb miq\u00ebsin\u00eb se do t\u00eb largohet p\u00ebr nj\u00eb mund\u00ebsi t\u00eb re.<\/p>\n<p>Un\u00eb, q\u00eb e njoh personalisht, e di se ai, n\u00eb rrethana t\u00eb tjera, kurr\u00eb nuk do ta braktiste Shqip\u00ebrin\u00eb.<br \/>\nJo se \u00ebsht\u00eb patetik, por e donte atdheun e tij\/tonin, pa deklarata patriotike, e donte si\u00e7 duhet n\u00ebna, pa kushte.<\/p>\n<p>Pra, ai po largohet duke e zhvendosur familjen n\u00eb nj\u00eb tjet\u00ebr shtet dhe \u00ebsht\u00eb vendim i tij, por n\u00eb p\u00ebrsh\u00ebndetjen e d\u00ebrguar fjala &#8220;lamtumir\u00eb&#8221;, mbart kumtin pik\u00ebllues.<\/p>\n<p>Ndaj u trishtova, kur lexova postimin e B.dhe uroj mos t\u00eb lexoj m\u00eb sh\u00ebnime t\u00eb tilla, detyruar nga kushtet dhe pamund\u00ebsia q\u00eb na jep pasaporta jon\u00eb.<\/p>\n<p>Po ju p\u00ebrcjell\u00eb sh\u00ebnimin e plot\u00eb t\u00eb tij&#8221;<\/p>\n<p>&#8220;FAL\u00cbNDERIM LAMTUMIRE KOLEG\u00cbVE !<\/p>\n<p>T\u00eb dashur koleg\u00eb, ka ardhur koha t\u00eb ndahem nga ju.<br \/>\nSi\u00e7 mund ta dini, un\u00eb kam vendosur t\u00eb largohem nga kompania p\u00ebr t\u00eb ndjekur mund\u00ebsi t\u00eb tjera n\u00eb emigrim dhe p\u00ebr t\u00eb nd\u00ebrmarr\u00eb nj\u00eb tjet\u00ebr hap n\u00eb jet\u00ebn time.<br \/>\nKam kaluar nj\u00eb koh\u00eb t\u00eb bukur duke punuar me t\u00eb gjith\u00eb ju.<br \/>\nFaleminderit shum\u00eb p\u00ebr mb\u00ebshtetjen tuaj!<br \/>\nMe t\u00eb v\u00ebrtet\u00eb do t\u00eb m\u00eb mungoni!<br \/>\nSinqerisht&#8230;.&#8221;<\/p>\n<p><img loading=\"lazy\" loading=\"lazy\" decoding=\"async\" class=\"alignnone size-medium wp-image-13618\" src=\"https:\/\/neutrale.al\/wp-content\/uploads\/2022\/08\/95EAA400-EB37-4CE9-B20B-846FD715627A-189x300.jpeg\" alt=\"\" width=\"189\" height=\"300\" srcset=\"https:\/\/neutrale.al\/wp-content\/uploads\/2022\/08\/95EAA400-EB37-4CE9-B20B-846FD715627A-189x300.jpeg 189w, https:\/\/neutrale.al\/wp-content\/uploads\/2022\/08\/95EAA400-EB37-4CE9-B20B-846FD715627A-645x1024.jpeg 645w, https:\/\/neutrale.al\/wp-content\/uploads\/2022\/08\/95EAA400-EB37-4CE9-B20B-846FD715627A-768x1219.jpeg 768w, https:\/\/neutrale.al\/wp-content\/uploads\/2022\/08\/95EAA400-EB37-4CE9-B20B-846FD715627A-968x1536.jpeg 968w, https:\/\/neutrale.al\/wp-content\/uploads\/2022\/08\/95EAA400-EB37-4CE9-B20B-846FD715627A-860x1365.jpeg 860w, https:\/\/neutrale.al\/wp-content\/uploads\/2022\/08\/95EAA400-EB37-4CE9-B20B-846FD715627A.jpeg 1008w\" sizes=\"auto, (max-width: 189px) 100vw, 189px\" \/><\/p>\n","protected":false},"excerpt":{"rendered":"<p>Sigurisht q\u00eb \u00ebsht\u00eb e drejt\u00eb e secilit n\u00eb zgjedhjen, se ku do ta nd\u00ebrtoj\u00eb jet\u00ebn me familjen e tij, por teksa lexoja statusin e m\u00ebposht\u00ebm n\u00eb rrjetet sociale, m\u00eb pushtoi nj\u00eb trishtim i plot\u00eb. U trishtova, jo pse nj\u00eb njeri ik\u00ebn p\u00ebr emigrim, specializim apo sepse k\u00ebrkon nj\u00eb jet\u00eb m\u00eb t\u00eb mir\u00eb. Jo, u trishtova [&hellip;]<\/p>\n","protected":false},"author":2,"featured_media":13621,"comment_status":"open","ping_status":"open","sticky":false,"template":"","format":"standard","meta":{"footnotes":""},"categories":[114],"tags":[],"class_list":{"0":"post-13617","1":"post","2":"type-post","3":"status-publish","4":"format-standard","5":"has-post-thumbnail","7":"category-editorial"},"_links":{"self":[{"href":"https:\/\/neutrale.al\/index.php\/wp-json\/wp\/v2\/posts\/13617","targetHints":{"allow":["GET"]}}],"collection":[{"href":"https:\/\/neutrale.al\/index.php\/wp-json\/wp\/v2\/posts"}],"about":[{"href":"https:\/\/neutrale.al\/index.php\/wp-json\/wp\/v2\/types\/post"}],"author":[{"embeddable":true,"href":"https:\/\/neutrale.al\/index.php\/wp-json\/wp\/v2\/users\/2"}],"replies":[{"embeddable":true,"href":"https:\/\/neutrale.al\/index.php\/wp-json\/wp\/v2\/comments?post=13617"}],"version-history":[{"count":1,"href":"https:\/\/neutrale.al\/index.php\/wp-json\/wp\/v2\/posts\/13617\/revisions"}],"predecessor-version":[{"id":13622,"href":"https:\/\/neutrale.al\/index.php\/wp-json\/wp\/v2\/posts\/13617\/revisions\/13622"}],"wp:featuredmedia":[{"embeddable":true,"href":"https:\/\/neutrale.al\/index.php\/wp-json\/wp\/v2\/media\/13621"}],"wp:attachment":[{"href":"https:\/\/neutrale.al\/index.php\/wp-json\/wp\/v2\/media?parent=13617"}],"wp:term":[{"taxonomy":"category","embeddable":true,"href":"https:\/\/neutrale.al\/index.php\/wp-json\/wp\/v2\/categories?post=13617"},{"taxonomy":"post_tag","embeddable":true,"href":"https:\/\/neutrale.al\/index.php\/wp-json\/wp\/v2\/tags?post=13617"}],"curies":[{"name":"wp","href":"https:\/\/api.w.org\/{rel}","templated":true}]}}