{"id":13526,"date":"2022-08-10T12:03:34","date_gmt":"2022-08-10T12:03:34","guid":{"rendered":"https:\/\/neutrale.al\/?p=13526"},"modified":"2022-08-10T12:03:34","modified_gmt":"2022-08-10T12:03:34","slug":"kodhel-cala-te-vetem-ne-fatkeqesi","status":"publish","type":"post","link":"https:\/\/neutrale.al\/index.php\/2022\/08\/10\/kodhel-cala-te-vetem-ne-fatkeqesi\/","title":{"rendered":"Kodhel \u00c7ala\/T\u00eb vet\u00ebm n\u00eb fatkeq\u00ebsi."},"content":{"rendered":"<p>N\u00eb fshatin Kabash t\u00eb Nj\u00ebsis\u00eb Administrative Poro\u00e7an dy sht\u00ebpi jan\u00eb djegur plot\u00ebsisht .<br \/>\nK\u00ebto dy familje kan\u00eb mbetur n\u00eb qiell t\u00eb hapur dhe kan\u00eb nevoj\u00eb urgjente p\u00ebr ndihm\u00eb.<br \/>\nBashkia t\u00eb mos mjaftohet vet\u00ebm me konstatimin e k\u00ebtij fakti, por tu ofroj\u00eb menj\u00ebher\u00eb ndihm\u00ebn e nevoj\u00ebshme e t\u00eb p\u00ebrcjell\u00eb sa m\u00eb shpejt dosjen n\u00eb Drejtorin\u00eb e Emergjencave<\/p>\n<p><img loading=\"lazy\" loading=\"lazy\" decoding=\"async\" src=\"https:\/\/neutrale.al\/wp-content\/uploads\/2022\/08\/8A97B641-44AB-4407-B19E-00DFEF3A6A5F-225x300.jpeg\" alt=\"\" width=\"225\" height=\"300\" class=\"alignnone size-medium wp-image-13527\" srcset=\"https:\/\/neutrale.al\/wp-content\/uploads\/2022\/08\/8A97B641-44AB-4407-B19E-00DFEF3A6A5F-225x300.jpeg 225w, https:\/\/neutrale.al\/wp-content\/uploads\/2022\/08\/8A97B641-44AB-4407-B19E-00DFEF3A6A5F-768x1024.jpeg 768w, https:\/\/neutrale.al\/wp-content\/uploads\/2022\/08\/8A97B641-44AB-4407-B19E-00DFEF3A6A5F-860x1147.jpeg 860w, https:\/\/neutrale.al\/wp-content\/uploads\/2022\/08\/8A97B641-44AB-4407-B19E-00DFEF3A6A5F.jpeg 1080w\" sizes=\"auto, (max-width: 225px) 100vw, 225px\" \/><\/p>\n","protected":false},"excerpt":{"rendered":"<p>N\u00eb fshatin Kabash t\u00eb Nj\u00ebsis\u00eb Administrative Poro\u00e7an dy sht\u00ebpi jan\u00eb djegur plot\u00ebsisht . K\u00ebto dy familje kan\u00eb mbetur n\u00eb qiell t\u00eb hapur dhe kan\u00eb nevoj\u00eb urgjente p\u00ebr ndihm\u00eb. Bashkia t\u00eb mos mjaftohet vet\u00ebm me konstatimin e k\u00ebtij fakti, por tu ofroj\u00eb menj\u00ebher\u00eb ndihm\u00ebn e nevoj\u00ebshme e t\u00eb p\u00ebrcjell\u00eb sa m\u00eb shpejt dosjen n\u00eb Drejtorin\u00eb e [&hellip;]<\/p>\n","protected":false},"author":2,"featured_media":13528,"comment_status":"open","ping_status":"open","sticky":false,"template":"","format":"standard","meta":{"footnotes":""},"categories":[2],"tags":[],"class_list":{"0":"post-13526","1":"post","2":"type-post","3":"status-publish","4":"format-standard","5":"has-post-thumbnail","7":"category-opinione"},"_links":{"self":[{"href":"https:\/\/neutrale.al\/index.php\/wp-json\/wp\/v2\/posts\/13526","targetHints":{"allow":["GET"]}}],"collection":[{"href":"https:\/\/neutrale.al\/index.php\/wp-json\/wp\/v2\/posts"}],"about":[{"href":"https:\/\/neutrale.al\/index.php\/wp-json\/wp\/v2\/types\/post"}],"author":[{"embeddable":true,"href":"https:\/\/neutrale.al\/index.php\/wp-json\/wp\/v2\/users\/2"}],"replies":[{"embeddable":true,"href":"https:\/\/neutrale.al\/index.php\/wp-json\/wp\/v2\/comments?post=13526"}],"version-history":[{"count":1,"href":"https:\/\/neutrale.al\/index.php\/wp-json\/wp\/v2\/posts\/13526\/revisions"}],"predecessor-version":[{"id":13529,"href":"https:\/\/neutrale.al\/index.php\/wp-json\/wp\/v2\/posts\/13526\/revisions\/13529"}],"wp:featuredmedia":[{"embeddable":true,"href":"https:\/\/neutrale.al\/index.php\/wp-json\/wp\/v2\/media\/13528"}],"wp:attachment":[{"href":"https:\/\/neutrale.al\/index.php\/wp-json\/wp\/v2\/media?parent=13526"}],"wp:term":[{"taxonomy":"category","embeddable":true,"href":"https:\/\/neutrale.al\/index.php\/wp-json\/wp\/v2\/categories?post=13526"},{"taxonomy":"post_tag","embeddable":true,"href":"https:\/\/neutrale.al\/index.php\/wp-json\/wp\/v2\/tags?post=13526"}],"curies":[{"name":"wp","href":"https:\/\/api.w.org\/{rel}","templated":true}]}}