{"id":13401,"date":"2022-08-09T05:13:52","date_gmt":"2022-08-09T05:13:52","guid":{"rendered":"https:\/\/neutrale.al\/?p=13401"},"modified":"2022-08-09T05:13:52","modified_gmt":"2022-08-09T05:13:52","slug":"ne-grude-digjen-shtepi-nga-zjarri-i-madh","status":"publish","type":"post","link":"https:\/\/neutrale.al\/index.php\/2022\/08\/09\/ne-grude-digjen-shtepi-nga-zjarri-i-madh\/","title":{"rendered":"N\u00eb Grud\u00eb, digjen sht\u00ebpi nga zjarri i madh."},"content":{"rendered":"<p>Zjarri djeg dhjet\u00ebra sht\u00ebpi n\u00eb fshatin Fush\u00eb Grud\u00eb t\u00eb Mal\u00ebsis\u00eb s\u00eb Madhe. <\/p>\n<p>Zjarri i madh q\u00eb p\u00ebrfshiu dje disa zona t\u00eb vendit si n\u00eb B\u00ebrdic\u00eb t\u00eb Shkodr\u00ebs, Divjak\u00eb, Fier etj, d\u00ebmet m\u00eb t\u00eb m\u00ebdha i ka b\u00ebr\u00eb n\u00eb Grud\u00eb t\u00eb bashkis\u00eb Mal\u00ebsi e Madhe. <\/p>\n<p>M\u00ebsohet se disa sht\u00ebpi jan\u00eb p\u00ebrfshir\u00eb nga flak\u00ebt dhe nd\u00ebrhyrja me mjete zjarrfik\u00ebse ka qen\u00eb e vonuar.<\/p>\n<p><img loading=\"lazy\" loading=\"lazy\" decoding=\"async\" src=\"https:\/\/neutrale.al\/wp-content\/uploads\/2022\/08\/9B0B8783-2B65-4CB4-80E0-A27BC7ACA5FA-236x300.jpeg\" alt=\"\" width=\"236\" height=\"300\" class=\"alignnone size-medium wp-image-13402\" srcset=\"https:\/\/neutrale.al\/wp-content\/uploads\/2022\/08\/9B0B8783-2B65-4CB4-80E0-A27BC7ACA5FA-236x300.jpeg 236w, https:\/\/neutrale.al\/wp-content\/uploads\/2022\/08\/9B0B8783-2B65-4CB4-80E0-A27BC7ACA5FA-805x1024.jpeg 805w, https:\/\/neutrale.al\/wp-content\/uploads\/2022\/08\/9B0B8783-2B65-4CB4-80E0-A27BC7ACA5FA-768x977.jpeg 768w, https:\/\/neutrale.al\/wp-content\/uploads\/2022\/08\/9B0B8783-2B65-4CB4-80E0-A27BC7ACA5FA-860x1094.jpeg 860w, https:\/\/neutrale.al\/wp-content\/uploads\/2022\/08\/9B0B8783-2B65-4CB4-80E0-A27BC7ACA5FA.jpeg 1006w\" sizes=\"auto, (max-width: 236px) 100vw, 236px\" \/><\/p>\n<p><img loading=\"lazy\" loading=\"lazy\" decoding=\"async\" src=\"https:\/\/neutrale.al\/wp-content\/uploads\/2022\/08\/31179851-AFDF-4C99-AA36-0FB394290007-253x300.jpeg\" alt=\"\" width=\"253\" height=\"300\" class=\"alignnone size-medium wp-image-13403\" srcset=\"https:\/\/neutrale.al\/wp-content\/uploads\/2022\/08\/31179851-AFDF-4C99-AA36-0FB394290007-253x300.jpeg 253w, https:\/\/neutrale.al\/wp-content\/uploads\/2022\/08\/31179851-AFDF-4C99-AA36-0FB394290007-862x1024.jpeg 862w, https:\/\/neutrale.al\/wp-content\/uploads\/2022\/08\/31179851-AFDF-4C99-AA36-0FB394290007-768x912.jpeg 768w, https:\/\/neutrale.al\/wp-content\/uploads\/2022\/08\/31179851-AFDF-4C99-AA36-0FB394290007-860x1021.jpeg 860w, https:\/\/neutrale.al\/wp-content\/uploads\/2022\/08\/31179851-AFDF-4C99-AA36-0FB394290007.jpeg 1076w\" sizes=\"auto, (max-width: 253px) 100vw, 253px\" \/><\/p>\n<p><img loading=\"lazy\" loading=\"lazy\" decoding=\"async\" src=\"https:\/\/neutrale.al\/wp-content\/uploads\/2022\/08\/E5592E5C-FCC7-49E0-88DC-01F09DA2E7FE-209x300.jpeg\" alt=\"\" width=\"209\" height=\"300\" class=\"alignnone size-medium wp-image-13404\" srcset=\"https:\/\/neutrale.al\/wp-content\/uploads\/2022\/08\/E5592E5C-FCC7-49E0-88DC-01F09DA2E7FE-209x300.jpeg 209w, https:\/\/neutrale.al\/wp-content\/uploads\/2022\/08\/E5592E5C-FCC7-49E0-88DC-01F09DA2E7FE-713x1024.jpeg 713w, https:\/\/neutrale.al\/wp-content\/uploads\/2022\/08\/E5592E5C-FCC7-49E0-88DC-01F09DA2E7FE-768x1103.jpeg 768w, https:\/\/neutrale.al\/wp-content\/uploads\/2022\/08\/E5592E5C-FCC7-49E0-88DC-01F09DA2E7FE-860x1235.jpeg 860w, https:\/\/neutrale.al\/wp-content\/uploads\/2022\/08\/E5592E5C-FCC7-49E0-88DC-01F09DA2E7FE.jpeg 891w\" sizes=\"auto, (max-width: 209px) 100vw, 209px\" \/><\/p>\n","protected":false},"excerpt":{"rendered":"<p>Zjarri djeg dhjet\u00ebra sht\u00ebpi n\u00eb fshatin Fush\u00eb Grud\u00eb t\u00eb Mal\u00ebsis\u00eb s\u00eb Madhe. Zjarri i madh q\u00eb p\u00ebrfshiu dje disa zona t\u00eb vendit si n\u00eb B\u00ebrdic\u00eb t\u00eb Shkodr\u00ebs, Divjak\u00eb, Fier etj, d\u00ebmet m\u00eb t\u00eb m\u00ebdha i ka b\u00ebr\u00eb n\u00eb Grud\u00eb t\u00eb bashkis\u00eb Mal\u00ebsi e Madhe. M\u00ebsohet se disa sht\u00ebpi jan\u00eb p\u00ebrfshir\u00eb nga flak\u00ebt dhe nd\u00ebrhyrja me [&hellip;]<\/p>\n","protected":false},"author":2,"featured_media":13405,"comment_status":"open","ping_status":"open","sticky":false,"template":"","format":"standard","meta":{"footnotes":""},"categories":[117,118],"tags":[27],"class_list":{"0":"post-13401","1":"post","2":"type-post","3":"status-publish","4":"format-standard","5":"has-post-thumbnail","7":"category-aktualitet","8":"category-kryesore","9":"tag-lajme"},"_links":{"self":[{"href":"https:\/\/neutrale.al\/index.php\/wp-json\/wp\/v2\/posts\/13401","targetHints":{"allow":["GET"]}}],"collection":[{"href":"https:\/\/neutrale.al\/index.php\/wp-json\/wp\/v2\/posts"}],"about":[{"href":"https:\/\/neutrale.al\/index.php\/wp-json\/wp\/v2\/types\/post"}],"author":[{"embeddable":true,"href":"https:\/\/neutrale.al\/index.php\/wp-json\/wp\/v2\/users\/2"}],"replies":[{"embeddable":true,"href":"https:\/\/neutrale.al\/index.php\/wp-json\/wp\/v2\/comments?post=13401"}],"version-history":[{"count":1,"href":"https:\/\/neutrale.al\/index.php\/wp-json\/wp\/v2\/posts\/13401\/revisions"}],"predecessor-version":[{"id":13406,"href":"https:\/\/neutrale.al\/index.php\/wp-json\/wp\/v2\/posts\/13401\/revisions\/13406"}],"wp:featuredmedia":[{"embeddable":true,"href":"https:\/\/neutrale.al\/index.php\/wp-json\/wp\/v2\/media\/13405"}],"wp:attachment":[{"href":"https:\/\/neutrale.al\/index.php\/wp-json\/wp\/v2\/media?parent=13401"}],"wp:term":[{"taxonomy":"category","embeddable":true,"href":"https:\/\/neutrale.al\/index.php\/wp-json\/wp\/v2\/categories?post=13401"},{"taxonomy":"post_tag","embeddable":true,"href":"https:\/\/neutrale.al\/index.php\/wp-json\/wp\/v2\/tags?post=13401"}],"curies":[{"name":"wp","href":"https:\/\/api.w.org\/{rel}","templated":true}]}}