{"id":13395,"date":"2022-08-09T04:59:59","date_gmt":"2022-08-09T04:59:59","guid":{"rendered":"https:\/\/neutrale.al\/?p=13395"},"modified":"2022-08-09T04:59:59","modified_gmt":"2022-08-09T04:59:59","slug":"berisha-rames-a-je-takuar-ne-dubai-me-administratoren-e-djegesit-te-tiranes","status":"publish","type":"post","link":"https:\/\/neutrale.al\/index.php\/2022\/08\/09\/berisha-rames-a-je-takuar-ne-dubai-me-administratoren-e-djegesit-te-tiranes\/","title":{"rendered":"Berisha- Ram\u00ebs: A je takuar n\u00eb Dubai me administratoren e djeg\u00ebsit t\u00eb Tiran\u00ebs ?"},"content":{"rendered":"<p>Kjo \u00ebsht\u00eb pyetja dhe akuza q\u00eb Sali Berisha ka p\u00ebr Edi Ram\u00ebn. <\/p>\n<p>Ish kryeministri Berisha, n\u00eb nj\u00eb postim n\u00eb &#8220;Facebook&#8221;, i drejtohet Ram\u00ebs, n\u00ebse ka takuar n\u00eb Dubai, administratoren e incenerator\u00ebve t\u00eb Tiran\u00ebs, znj Arjola ? <\/p>\n<p>E p\u00ebr k\u00ebt\u00eb pyetje akuzuese, Berisha i referohet denoncimit q\u00eb i vjen nga nj\u00eb qytetar. <\/p>\n<p>Ja postimi i tij: <\/p>\n<p>Nj\u00eb pyetje p\u00ebr Edi Ram\u00ebn!<br \/>\nA je takuar n\u00eb Dubai me Zj. Arjola, administratoren zyrtare t\u00eb djeg\u00ebsit t\u00eb Tiran\u00ebs? <\/p>\n<p>Qytetari dixhital pyet Edi Ram\u00ebn:<br \/>\nA jeni takuar n\u00eb Dubai me Zj. Arjola Kodra?<br \/>\n\u00c7far\u00eb porosish i keni dh\u00ebn\u00eb asaj? <\/p>\n<p>Lexoni mesazhin gozhdues t\u00eb qytetarit dixhital. #sb <\/p>\n<p>Pershendetje Doktor Berisha. I thoni Edi Rames se mos valle eshte takuar me administratoren e inceneratorit te Tiranes ne Dubai dhe i ka lene porosite e tij se si duhej te veprohej? Mos jane takuar valle ne muajin mars ne Dubai, fill pasi Arjola Kodra, administratorja e inceneratorit te Tiranes refuzoi te paraqitej ne komisionin hetimor parlamentar per te dhene deshmine e plote? <\/p>\n<p>E sigurte Doktor Berisha qe Rama do genjeje e do thote nuk eshte e vertete, por une po ju nis nje kopje te biletes se udhetimit te Arjola Kodres ne Dubai ne date 6 mars dhe kthimin ne date 15 mars dhe nderkohe Edi Rama ka qene ne date 9 mars sebashku me kabinetin e tij te hajduteve ne Dubai. Ju garantoj se Rama dhe administratorja e inceneratorit te Tiranes e emeruar nga Klodian Zoto dhe Mirel Mertiri, jane takuar per pazaret e fundit ne Dubai. <\/p>\n<p>Kjo eshte arsyeja perse nuk ndalojne pagesat per inceneratorin e Tiranes\u2026 <\/p>\n<p>Ju lutem anonim Doktor Berisha se keta jane maskarenj.<\/p>\n","protected":false},"excerpt":{"rendered":"<p>Kjo \u00ebsht\u00eb pyetja dhe akuza q\u00eb Sali Berisha ka p\u00ebr Edi Ram\u00ebn. Ish kryeministri Berisha, n\u00eb nj\u00eb postim n\u00eb &#8220;Facebook&#8221;, i drejtohet Ram\u00ebs, n\u00ebse ka takuar n\u00eb Dubai, administratoren e incenerator\u00ebve t\u00eb Tiran\u00ebs, znj Arjola ? E p\u00ebr k\u00ebt\u00eb pyetje akuzuese, Berisha i referohet denoncimit q\u00eb i vjen nga nj\u00eb qytetar. Ja postimi i tij: [&hellip;]<\/p>\n","protected":false},"author":2,"featured_media":13396,"comment_status":"open","ping_status":"open","sticky":false,"template":"","format":"standard","meta":{"footnotes":""},"categories":[118,9],"tags":[27],"class_list":{"0":"post-13395","1":"post","2":"type-post","3":"status-publish","4":"format-standard","5":"has-post-thumbnail","7":"category-kryesore","8":"category-politika","9":"tag-lajme"},"_links":{"self":[{"href":"https:\/\/neutrale.al\/index.php\/wp-json\/wp\/v2\/posts\/13395","targetHints":{"allow":["GET"]}}],"collection":[{"href":"https:\/\/neutrale.al\/index.php\/wp-json\/wp\/v2\/posts"}],"about":[{"href":"https:\/\/neutrale.al\/index.php\/wp-json\/wp\/v2\/types\/post"}],"author":[{"embeddable":true,"href":"https:\/\/neutrale.al\/index.php\/wp-json\/wp\/v2\/users\/2"}],"replies":[{"embeddable":true,"href":"https:\/\/neutrale.al\/index.php\/wp-json\/wp\/v2\/comments?post=13395"}],"version-history":[{"count":1,"href":"https:\/\/neutrale.al\/index.php\/wp-json\/wp\/v2\/posts\/13395\/revisions"}],"predecessor-version":[{"id":13397,"href":"https:\/\/neutrale.al\/index.php\/wp-json\/wp\/v2\/posts\/13395\/revisions\/13397"}],"wp:featuredmedia":[{"embeddable":true,"href":"https:\/\/neutrale.al\/index.php\/wp-json\/wp\/v2\/media\/13396"}],"wp:attachment":[{"href":"https:\/\/neutrale.al\/index.php\/wp-json\/wp\/v2\/media?parent=13395"}],"wp:term":[{"taxonomy":"category","embeddable":true,"href":"https:\/\/neutrale.al\/index.php\/wp-json\/wp\/v2\/categories?post=13395"},{"taxonomy":"post_tag","embeddable":true,"href":"https:\/\/neutrale.al\/index.php\/wp-json\/wp\/v2\/tags?post=13395"}],"curies":[{"name":"wp","href":"https:\/\/api.w.org\/{rel}","templated":true}]}}