{"id":13367,"date":"2022-08-08T17:14:55","date_gmt":"2022-08-08T17:14:55","guid":{"rendered":"https:\/\/neutrale.al\/?p=13367"},"modified":"2022-08-08T17:14:55","modified_gmt":"2022-08-08T17:14:55","slug":"berisha-te-ulet-taksa-e-naftes-te-subvencionohet-transporti-udhetareve","status":"publish","type":"post","link":"https:\/\/neutrale.al\/index.php\/2022\/08\/08\/berisha-te-ulet-taksa-e-naftes-te-subvencionohet-transporti-udhetareve\/","title":{"rendered":"Berisha: T\u00eb ulet taksa e naft\u00ebs, t\u00eb subvencionohet transporti udh\u00ebtar\u00ebve !"},"content":{"rendered":"<p>K\u00ebto ka patur k\u00ebrkesa primare konferenca e shtypit e kreut t\u00eb PD-s\u00eb, Sali Berisha. <\/p>\n<p>Po e p\u00ebrcjellim t\u00eb plot\u00eb: <\/p>\n<p>Partia Demokratike k\u00ebrkon: <\/p>\n<p>1- T\u00eb subvencionohen plot\u00ebsisht biletat e transportit urban dhe interurban n\u00eb Shqip\u00ebri dhe,<br \/>\n2- t\u00eb ulet nga 1,1\u20ac n\u00eb 0,5\u20ac taksa mbi litrin e naft\u00ebs. <\/p>\n<p>DEKLARATA E PLOT\u00cb E KRYETARIT T\u00cb PARTIS\u00cb DEMOKRATIKE, SALI BERISHA <\/p>\n<p>N\u00eb kushtet e p\u00ebrkeq\u00ebsimit t\u00eb shpejt\u00eb t\u00eb kushteve ekonomike t\u00eb vendit dhe t\u00eb qytetar\u00ebve shqiptar\u00eb p\u00ebr shkak: <\/p>\n<p>S\u00eb pari t\u00eb \u00e7mimeve stratosferike t\u00eb krijuara n\u00eb m\u00ebnyr\u00ebn m\u00eb artificiale nga bordet e Edi Ram\u00ebs; <\/p>\n<p>P\u00ebr shkak t\u00eb p\u00ebrdorimit t\u00eb t\u00eb ardhurave buxhetore nga Edi Rama dhe qeveria e tij n\u00eb funksion t\u00eb vjedhjeve dhe shp\u00ebrdorimit t\u00eb tyr\u00eb masiv.<br \/>\nSi\u00e7 \u00ebsht\u00eb rasti i disbursimit t\u00eb vazhduesh\u00ebm t\u00eb fondeve publike mbi vepr\u00ebn e krimit, tashm\u00eb t\u00eb cil\u00ebsuar e till\u00eb, te djeg\u00ebsat e Fierit dhe t\u00eb Tiran\u00ebs, si\u00e7 \u00ebsht\u00eb rasti i ligjit t\u00eb parlamentit p\u00ebr t\u00eb financuar me qindra milion\u00eb euro klientel\u00ebn e Edi Ram\u00ebs, me t\u00eb cil\u00ebt ndan parat\u00eb;<br \/>\nSi\u00e7 \u00ebsht\u00eb rasti i prokurimeve, si\u00e7 \u00ebsht\u00eb ai i Korridorit Blu apo \u201ckorridorit t\u00eb hajnis\u00eb\u201d. <\/p>\n<p>T\u00eb gjitha k\u00ebto po rr\u00ebnojn\u00eb me shpejt\u00ebsi ekonomin\u00eb shqiptare, po rr\u00ebnojn\u00eb buxhetet familjare, dhe ajo q\u00eb po e ndjen n\u00eb m\u00ebnyr\u00ebn m\u00eb t\u00eb fuqishme, p\u00ebr fat t\u00eb keq, \u00ebsht\u00eb dhe sektori, nd\u00ebr m\u00eb kryesor\u00ebt e ekonomis\u00eb s\u00eb vendit, turizmi. <\/p>\n<p>N\u00eb k\u00ebto rrethana emergjente, Partia Demokratike k\u00ebrkon vendosjen e menj\u00ebhershme t\u00eb subvencionimit t\u00eb plot\u00eb t\u00eb t\u00eb gjitha biletave t\u00eb transportit urban dhe inter-urban n\u00eb territorin e Shqip\u00ebris\u00eb.<br \/>\nKy propozim i Partis\u00eb Demokratike nuk \u00ebsht\u00eb i pabazuar, p\u00ebrkundrazi \u00ebsht\u00eb i bazuar n\u00eb nj\u00eb praktik\u00eb, t\u00eb cil\u00ebn kan\u00eb vendosur nj\u00eb seri vendesh evropiane. <\/p>\n<p>Ju rikujtoj k\u00ebtu se sot, n\u00eb Republik\u00ebn Federale t\u00eb Gjermanis\u00eb, me nj\u00eb bilet\u00eb mujore prej 9 eurosh l\u00ebviz me t\u00eb gjitha mjetet q\u00eb qarkullojn\u00eb n\u00eb k\u00ebt\u00eb vend dhe n\u00eb t\u00eb gjith\u00eb territorin e saj. <\/p>\n<p>Vende t\u00eb tjera si Spanja, Portugalia dhe nj\u00eb seri vendesh kan\u00eb shnd\u00ebrruar transportin publik falas.<br \/>\nS\u00eb dyti, Partia Demokratike k\u00ebrkon p\u00ebrgjysmimin e menj\u00ebhersh\u00ebm t\u00eb taks\u00ebs s\u00eb naft\u00ebs, e cila n\u00eb Shqip\u00ebri, me vler\u00ebn 1.1 euro \u00ebsht\u00eb m\u00eb e larta n\u00eb bot\u00eb, dhe \u00ebsht\u00eb shnd\u00ebrruar n\u00eb nj\u00eb faktor kryesor t\u00eb \u00e7mimit stratosferik t\u00eb k\u00ebsaj l\u00ebnde djeg\u00ebse. <\/p>\n<p>P\u00ebrgjysmimi i ngarkes\u00ebs fiskale mbi litrin e naft\u00ebs, dometh\u00ebn\u00eb ulja e saj nga 1.1 n\u00eb 0.5 euro do t\u00eb shoq\u00ebrohej me nj\u00eb ulje korresponduese po kaq t\u00eb r\u00ebnd\u00ebsishme t\u00eb \u00e7mimit t\u00eb naft\u00ebs. <\/p>\n<p>P\u00ebr ata q\u00eb mendojn\u00eb se arka do boshatiset, ju them se nuk \u00ebsht\u00eb e v\u00ebrtet\u00eb! Mjafton q\u00eb qeveria t\u00eb zhdoganoj\u00eb rreth 250 mij\u00eb ton naft\u00eb q\u00eb kalojn\u00eb jasht\u00eb sistemit doganor n\u00eb Shqip\u00ebri. K\u00ebtu duhet t\u00eb jemi shum\u00eb t\u00eb qart\u00eb se nuk ka, nuk ka asnj\u00eb lloj mund\u00ebsie p\u00ebr naft\u00eb kontrabande n\u00eb k\u00ebt\u00eb vend, p\u00ebrve\u00e7se kur patronohet nga dora e zez\u00eb e qeveris\u00eb. <\/p>\n<p>Ndaj dhe k\u00ebrkoj edhe nj\u00ebher\u00eb p\u00ebrgjysmimin me urgjenc\u00eb t\u00eb taksimit p\u00ebr lit\u00ebr nafte, i cili n\u00eb Shqip\u00ebri \u00ebsht\u00eb m\u00eb i larti n\u00eb bot\u00eb. <\/p>\n<p>Natyrisht un\u00eb jam i vet\u00ebdijsh\u00ebm se Edi Rama, me arroganc\u00ebn e tij dhe vesin e tmerrsh\u00ebm t\u00eb vjedhjes dhe pasurimit, duke vjedhur fonde dhe pasurit\u00eb publike, nuk merr dhe nuk do marr\u00eb parasysh k\u00ebto k\u00ebrkesa. <\/p>\n<p>Por un\u00eb e garantoj se qytetar\u00ebt shqiptar\u00eb n\u00eb revolt\u00ebn e tyre t\u00eb ardhshme do t\u00eb vendosin p\u00ebr k\u00ebto k\u00ebrkesa, dhe k\u00ebrkesa t\u00eb tjera t\u00eb programit t\u00eb emergjenc\u00ebs s\u00eb Partis\u00eb Demokratike, si\u00e7 \u00ebsht\u00eb indeksimi i \u00e7mimeve dhe masa t\u00eb tjera shum\u00eb t\u00eb r\u00ebnd\u00ebsishme.<\/p>\n","protected":false},"excerpt":{"rendered":"<p>K\u00ebto ka patur k\u00ebrkesa primare konferenca e shtypit e kreut t\u00eb PD-s\u00eb, Sali Berisha. Po e p\u00ebrcjellim t\u00eb plot\u00eb: Partia Demokratike k\u00ebrkon: 1- T\u00eb subvencionohen plot\u00ebsisht biletat e transportit urban dhe interurban n\u00eb Shqip\u00ebri dhe, 2- t\u00eb ulet nga 1,1\u20ac n\u00eb 0,5\u20ac taksa mbi litrin e naft\u00ebs. DEKLARATA E PLOT\u00cb E KRYETARIT T\u00cb PARTIS\u00cb DEMOKRATIKE, [&hellip;]<\/p>\n","protected":false},"author":2,"featured_media":13368,"comment_status":"open","ping_status":"open","sticky":false,"template":"","format":"standard","meta":{"footnotes":""},"categories":[118,9],"tags":[27],"class_list":{"0":"post-13367","1":"post","2":"type-post","3":"status-publish","4":"format-standard","5":"has-post-thumbnail","7":"category-kryesore","8":"category-politika","9":"tag-lajme"},"_links":{"self":[{"href":"https:\/\/neutrale.al\/index.php\/wp-json\/wp\/v2\/posts\/13367","targetHints":{"allow":["GET"]}}],"collection":[{"href":"https:\/\/neutrale.al\/index.php\/wp-json\/wp\/v2\/posts"}],"about":[{"href":"https:\/\/neutrale.al\/index.php\/wp-json\/wp\/v2\/types\/post"}],"author":[{"embeddable":true,"href":"https:\/\/neutrale.al\/index.php\/wp-json\/wp\/v2\/users\/2"}],"replies":[{"embeddable":true,"href":"https:\/\/neutrale.al\/index.php\/wp-json\/wp\/v2\/comments?post=13367"}],"version-history":[{"count":1,"href":"https:\/\/neutrale.al\/index.php\/wp-json\/wp\/v2\/posts\/13367\/revisions"}],"predecessor-version":[{"id":13369,"href":"https:\/\/neutrale.al\/index.php\/wp-json\/wp\/v2\/posts\/13367\/revisions\/13369"}],"wp:featuredmedia":[{"embeddable":true,"href":"https:\/\/neutrale.al\/index.php\/wp-json\/wp\/v2\/media\/13368"}],"wp:attachment":[{"href":"https:\/\/neutrale.al\/index.php\/wp-json\/wp\/v2\/media?parent=13367"}],"wp:term":[{"taxonomy":"category","embeddable":true,"href":"https:\/\/neutrale.al\/index.php\/wp-json\/wp\/v2\/categories?post=13367"},{"taxonomy":"post_tag","embeddable":true,"href":"https:\/\/neutrale.al\/index.php\/wp-json\/wp\/v2\/tags?post=13367"}],"curies":[{"name":"wp","href":"https:\/\/api.w.org\/{rel}","templated":true}]}}