{"id":13088,"date":"2022-08-06T07:49:13","date_gmt":"2022-08-06T07:49:13","guid":{"rendered":"https:\/\/neutrale.al\/?p=13088"},"modified":"2022-08-06T07:49:13","modified_gmt":"2022-08-06T07:49:13","slug":"aksident-fatal-humb-jeten-19-vjecari-autori-bertet-i-perlotur-ne-rruge-ka-vdekur-me-mire-te-vdes-dhe-une","status":"publish","type":"post","link":"https:\/\/neutrale.al\/index.php\/2022\/08\/06\/aksident-fatal-humb-jeten-19-vjecari-autori-bertet-i-perlotur-ne-rruge-ka-vdekur-me-mire-te-vdes-dhe-une\/","title":{"rendered":"Aksident fatal, humb jet\u00ebn 19-vje\u00e7ari\/ Autori b\u00ebrtet i p\u00ebrlotur n\u00eb rrug\u00eb: Ka vdekur? M\u00eb mir\u00eb t\u00eb vdes dhe un\u00eb&#8230;"},"content":{"rendered":"<p>Nj\u00eb aksident tragjik ka ndodhur n\u00eb mesnat\u00ebn e s\u00eb premtes, n\u00eb Kosov\u00eb, ku nj\u00eb 19-vje\u00e7ar ka humbur jet\u00ebn, pasi u p\u00ebrplas nga nj\u00eb makin\u00eb n\u00eb Prishtin\u00eb. <\/p>\n<p>J.S. nuk u mbijetoi plag\u00ebve t\u00eb mara nga makina, e cila e goditi at\u00eb teksa viktima ishte duke ecur trotuarit me nj\u00eb tjet\u00ebr qytetar. <\/p>\n<p>Aksidenti, sipas d\u00ebshmitar\u00ebve, ndodhi p\u00ebr shkak t\u00eb shpejt\u00ebsis\u00eb s\u00eb madhe t\u00eb nj\u00eb makine, e cila goditi dy makina t\u00eb parkuara n\u00eb trotuar, t\u00eb cilat m\u00eb pas godit\u00ebn p\u00ebr vdekje k\u00ebmb\u00ebsorin. <\/p>\n<p>I dyshuari p\u00ebr shkaktimin e aksidentit, me urdh\u00ebr t\u00eb prokurorit, \u00ebsht\u00eb d\u00ebrguar n\u00eb mbajtje p\u00ebr 48 or\u00eb. <\/p>\n<p>Por, fillimisht ai \u00ebsht\u00eb trajtuar n\u00eb emergjenc\u00ebn e QKUK-s\u00eb, ku ka marr\u00eb trajtim p\u00ebr shkak t\u00eb shokut traumatik q\u00eb e ka p\u00ebsuar nga ngjarja. <\/p>\n<p>Mjekja, e cila e ka trajtuar, Krenare Makolli tha se i dyshuari \u00ebsht\u00eb pranuar n\u00eb gjendje t\u00eb r\u00ebnd\u00eb psikike dhe \u00ebsht\u00eb k\u00ebshilluar policia q\u00eb n\u00eb rast se nuk i p\u00ebrmir\u00ebsohet gjendja, t\u00eb d\u00ebrgohet n\u00eb psikiatri. <\/p>\n<p>Banor\u00ebt e lagjes \u201cKodra e Trimave\u201d, t\u00eb tronditur nga ngjarja, kritikuan komun\u00ebn se nuk e ka b\u00ebr\u00eb shenj\u00ebzimin horizontal e vertikal t\u00eb rrug\u00ebve, e cila do t\u00eb parandalonte aksidentet. Sipas tyre, shpejt\u00ebsia e lejuar n\u00eb k\u00ebt\u00eb zon\u00eb \u00ebsht\u00eb 40 km\/h, nd\u00ebrsa vozit\u00ebsit ngasin makinat mbi 100 km\/h, p\u00ebr \u00e7ka, sipas tyre, aksidentet k\u00ebtu jan\u00eb t\u00eb shpeshta.<\/p>\n","protected":false},"excerpt":{"rendered":"<p>Nj\u00eb aksident tragjik ka ndodhur n\u00eb mesnat\u00ebn e s\u00eb premtes, n\u00eb Kosov\u00eb, ku nj\u00eb 19-vje\u00e7ar ka humbur jet\u00ebn, pasi u p\u00ebrplas nga nj\u00eb makin\u00eb n\u00eb Prishtin\u00eb. J.S. nuk u mbijetoi plag\u00ebve t\u00eb mara nga makina, e cila e goditi at\u00eb teksa viktima ishte duke ecur trotuarit me nj\u00eb tjet\u00ebr qytetar. Aksidenti, sipas d\u00ebshmitar\u00ebve, ndodhi p\u00ebr [&hellip;]<\/p>\n","protected":false},"author":2,"featured_media":13089,"comment_status":"open","ping_status":"open","sticky":false,"template":"","format":"standard","meta":{"footnotes":""},"categories":[6],"tags":[27],"class_list":{"0":"post-13088","1":"post","2":"type-post","3":"status-publish","4":"format-standard","5":"has-post-thumbnail","7":"category-rajoni","8":"tag-lajme"},"_links":{"self":[{"href":"https:\/\/neutrale.al\/index.php\/wp-json\/wp\/v2\/posts\/13088","targetHints":{"allow":["GET"]}}],"collection":[{"href":"https:\/\/neutrale.al\/index.php\/wp-json\/wp\/v2\/posts"}],"about":[{"href":"https:\/\/neutrale.al\/index.php\/wp-json\/wp\/v2\/types\/post"}],"author":[{"embeddable":true,"href":"https:\/\/neutrale.al\/index.php\/wp-json\/wp\/v2\/users\/2"}],"replies":[{"embeddable":true,"href":"https:\/\/neutrale.al\/index.php\/wp-json\/wp\/v2\/comments?post=13088"}],"version-history":[{"count":1,"href":"https:\/\/neutrale.al\/index.php\/wp-json\/wp\/v2\/posts\/13088\/revisions"}],"predecessor-version":[{"id":13090,"href":"https:\/\/neutrale.al\/index.php\/wp-json\/wp\/v2\/posts\/13088\/revisions\/13090"}],"wp:featuredmedia":[{"embeddable":true,"href":"https:\/\/neutrale.al\/index.php\/wp-json\/wp\/v2\/media\/13089"}],"wp:attachment":[{"href":"https:\/\/neutrale.al\/index.php\/wp-json\/wp\/v2\/media?parent=13088"}],"wp:term":[{"taxonomy":"category","embeddable":true,"href":"https:\/\/neutrale.al\/index.php\/wp-json\/wp\/v2\/categories?post=13088"},{"taxonomy":"post_tag","embeddable":true,"href":"https:\/\/neutrale.al\/index.php\/wp-json\/wp\/v2\/tags?post=13088"}],"curies":[{"name":"wp","href":"https:\/\/api.w.org\/{rel}","templated":true}]}}