{"id":12951,"date":"2022-08-05T08:08:48","date_gmt":"2022-08-05T08:08:48","guid":{"rendered":"https:\/\/neutrale.al\/?p=12951"},"modified":"2022-08-05T08:08:48","modified_gmt":"2022-08-05T08:08:48","slug":"njoftim-i-rendesishem-per-shqiptaret-ne-gjermani-ambasada-ne-berlin-njofton","status":"publish","type":"post","link":"https:\/\/neutrale.al\/index.php\/2022\/08\/05\/njoftim-i-rendesishem-per-shqiptaret-ne-gjermani-ambasada-ne-berlin-njofton\/","title":{"rendered":"Njoftim i r\u00ebnd\u00ebsish\u00ebm p\u00ebr shqiptar\u00ebt n\u00eb Gjermani: Ambasada n\u00eb Berlin njofton&#8230;"},"content":{"rendered":"<p>Ambasada shqiptare n\u00eb Gjermani ka b\u00ebr\u00eb nj\u00eb njoftim t\u00eb r\u00ebnd\u00ebsish\u00ebm n\u00eb \u2018Facebook\u2019, p\u00ebr t\u00eb gjith\u00eb qytetar\u00ebt shqiptar\u00eb q\u00eb jetojn\u00eb n\u00eb shtetin gjerman. <\/p>\n<p>Ambasada njofton se prej dat\u00ebs 8 gusht nuk do t\u00eb jet\u00eb e mundur t\u00eb aplikohet dhe nuk do\u00a0t\u00eb&#8230; <\/p>\n<p>Njoftimi i plot\u00eb: <\/p>\n<p>Njoftim shum\u00eb i r\u00ebnd\u00ebsish\u00ebm ! <\/p>\n<p>Ambasada me udh\u00ebzim t\u00eb autoriteteve p\u00ebrkat\u00ebse n\u00eb Shqip\u00ebri, njofton qytetar\u00ebt shqiptar\u00eb me q\u00ebndrim n\u00eb Gjermani se duke filluar nga dita e h\u00ebn\u00eb dat\u00eb 8 gusht 2022, nuk do t\u00eb jet\u00eb e mundur t\u00eb aplikohet dhe nuk do t\u00eb\u00a0 ofrohet sh\u00ebrbim konsullor p\u00ebr dokumentet e m\u00ebposhtme: <\/p>\n<p>\u2013 V\u00ebrtetim mbi vet\u00ebdeklarimin p\u00ebr humbjen e dokumenteve. Kodi 0711 <\/p>\n<p>\u2013 V\u00ebrtetim mbi vet\u00ebdeklarimin p\u00ebr vjedhjen e dokumenteve. Kodi 0712 <\/p>\n<p>\u2013 V\u00ebrtetim mbi vet\u00ebdeklarimin p\u00ebr d\u00ebmtimin e dokumenteve. Kodi 0713 <\/p>\n<p>-V\u00ebrtetim mbi vet\u00ebdeklarimin p\u00ebr bllokimin e dokumenteve. Kodi 0714 <\/p>\n<p>T\u00eb gjith\u00eb shtetasit q\u00eb nuk disponojn\u00eb Pasaport\u00ebn dhe Kart\u00ebn ID p\u00ebr arsyet e m\u00ebsip\u00ebrme, t\u00eb vijojn\u00eb procedur\u00ebn duke e denoncuar si t\u00eb humbur, t\u00eb vjedhur, d?mtuar\u00a0 apo t\u00eb bllokuar, vet\u00ebm te autoritetet policore gjermane. V\u00ebrtetimin e l\u00ebshuar nga autoritetet policore gjermane duhet q\u00eb: <\/p>\n<p>\u2013 t\u2018a legalizoni me Vul\u00ebn Apostille (pran\u00eb institucioneve gjermane); <\/p>\n<p>-t\u2019a p\u00ebrktheni n\u00eb gjuh\u00eb shqipe nga p\u00ebrkthyes i li\u00e7ensuar dhe t\u2018a paraqisni n\u00eb Ambasad\u00eb dit\u00ebn e takimit\/aplikimit p\u00ebr Pasaport\u00eb dhe Kart\u00eb ID. <\/p>\n<p>N\u00eb rastin e aplikimit p\u00ebr Leje Kalimi denoncimi pranohet vet\u00ebm i legalizuar me Apostill\u00ea pa patur nevoj\u00eb t\u00eb p\u00ebrkthet n\u00eb gjuh\u00eb shqipe nga p\u00ebrkthyes. <\/p>\n<p>Faleminderit p\u00ebr bashk\u00ebpunimin!<\/p>\n","protected":false},"excerpt":{"rendered":"<p>Ambasada shqiptare n\u00eb Gjermani ka b\u00ebr\u00eb nj\u00eb njoftim t\u00eb r\u00ebnd\u00ebsish\u00ebm n\u00eb \u2018Facebook\u2019, p\u00ebr t\u00eb gjith\u00eb qytetar\u00ebt shqiptar\u00eb q\u00eb jetojn\u00eb n\u00eb shtetin gjerman. Ambasada njofton se prej dat\u00ebs 8 gusht nuk do t\u00eb jet\u00eb e mundur t\u00eb aplikohet dhe nuk do\u00a0t\u00eb&#8230; Njoftimi i plot\u00eb: Njoftim shum\u00eb i r\u00ebnd\u00ebsish\u00ebm ! Ambasada me udh\u00ebzim t\u00eb autoriteteve p\u00ebrkat\u00ebse n\u00eb [&hellip;]<\/p>\n","protected":false},"author":2,"featured_media":12952,"comment_status":"open","ping_status":"open","sticky":false,"template":"","format":"standard","meta":{"footnotes":""},"categories":[12],"tags":[27],"class_list":{"0":"post-12951","1":"post","2":"type-post","3":"status-publish","4":"format-standard","5":"has-post-thumbnail","7":"category-bota","8":"tag-lajme"},"_links":{"self":[{"href":"https:\/\/neutrale.al\/index.php\/wp-json\/wp\/v2\/posts\/12951","targetHints":{"allow":["GET"]}}],"collection":[{"href":"https:\/\/neutrale.al\/index.php\/wp-json\/wp\/v2\/posts"}],"about":[{"href":"https:\/\/neutrale.al\/index.php\/wp-json\/wp\/v2\/types\/post"}],"author":[{"embeddable":true,"href":"https:\/\/neutrale.al\/index.php\/wp-json\/wp\/v2\/users\/2"}],"replies":[{"embeddable":true,"href":"https:\/\/neutrale.al\/index.php\/wp-json\/wp\/v2\/comments?post=12951"}],"version-history":[{"count":1,"href":"https:\/\/neutrale.al\/index.php\/wp-json\/wp\/v2\/posts\/12951\/revisions"}],"predecessor-version":[{"id":12953,"href":"https:\/\/neutrale.al\/index.php\/wp-json\/wp\/v2\/posts\/12951\/revisions\/12953"}],"wp:featuredmedia":[{"embeddable":true,"href":"https:\/\/neutrale.al\/index.php\/wp-json\/wp\/v2\/media\/12952"}],"wp:attachment":[{"href":"https:\/\/neutrale.al\/index.php\/wp-json\/wp\/v2\/media?parent=12951"}],"wp:term":[{"taxonomy":"category","embeddable":true,"href":"https:\/\/neutrale.al\/index.php\/wp-json\/wp\/v2\/categories?post=12951"},{"taxonomy":"post_tag","embeddable":true,"href":"https:\/\/neutrale.al\/index.php\/wp-json\/wp\/v2\/tags?post=12951"}],"curies":[{"name":"wp","href":"https:\/\/api.w.org\/{rel}","templated":true}]}}