{"id":12413,"date":"2022-08-01T15:50:27","date_gmt":"2022-08-01T15:50:27","guid":{"rendered":"https:\/\/neutrale.al\/?p=12413"},"modified":"2022-08-01T15:50:27","modified_gmt":"2022-08-01T15:50:27","slug":"xhelal-mziu-edi-rama-bene-kurban-edhe-shoqaten-e-bashkive-te-shqiperiseshbsh","status":"publish","type":"post","link":"https:\/\/neutrale.al\/index.php\/2022\/08\/01\/xhelal-mziu-edi-rama-bene-kurban-edhe-shoqaten-e-bashkive-te-shqiperiseshbsh\/","title":{"rendered":"Xhelal Mziu\/Edi Rama b\u00ebn\u00eb kurban edhe Shoqat\u00ebn e Bashkive t\u00eb Shqip\u00ebris\u00eb(SHBSH)"},"content":{"rendered":"<p>Ed Rama dhe Rilindja, t\u00eb angazhuar p\u00ebr ta \u00e7montuar demokracin\u00eb dhe pluralizmin n\u00eb \u00e7do qeliz\u00eb t\u00eb saj! <\/p>\n<p>E fundit q\u00eb u b\u00eb kurban, ishte Shoqata e Bashkive t\u00eb Shqip\u00ebris\u00eb (SHBSH)! <\/p>\n<p>Shoqata e Bashkive t\u00eb Shqip\u00ebris\u00eb ishte nj\u00eb shoqat\u00eb jopolitike, jofetare dhe jofitimprur\u00ebse, ishte nj\u00eb bashkim vullnetar dhe i pavarur i bashkive t\u00eb Shqip\u00ebris\u00eb. <\/p>\n<p>SHBSH u themelua m\u00eb 12 tetor 1993, ajo p\u00ebrfaqesonte t\u00eb gjitha bashkit\u00eb e Shqip\u00ebris\u00eb. <\/p>\n<p>SHBSH kishte rol t\u00eb jashtzakonsh\u00ebm duke qen\u00eb z\u00ebri i qytetar\u00ebve, duke qen\u00eb ura lidh\u00ebse midis BE, KE, Kongresit t\u00eb Autoriteve Lokale e Rajonale t\u00eb K\u00ebshillit t\u00eb Europ\u00ebs, donator\u00ebve t\u00eb ndrysh\u00ebm dhe pushtetit vendor n\u00eb Shqip\u00ebri! <\/p>\n<p>SHBSH ishte kontribuesja m\u00eb e madhe e pushtetit vendor n\u00eb Shqip\u00ebri. <\/p>\n<p>Por, Ed Rama dhe Rilindja pas 9 vitesh betej politike n\u00eb m\u00ebnyr\u00eb t\u00eb padrejt\u00eb, e egzekutuan SHBSH. <\/p>\n<p>\u00cbsht\u00eb absurde se ku po e d\u00ebrgon vendin Ed Rama, n\u00eb fakt askund tjet\u00ebr, ve\u00e7se n\u00eb vendet me sistem nj\u00eb partiak, si n\u00eb Rusi, Iran apo Kub\u00eb! <\/p>\n<p>Ndodh \u201cbashkimi&#8221; i Shoqat\u00ebs s\u00eb Bashkive t\u00eb Shqip\u00ebris\u00eb me Shoqat\u00ebn p\u00ebr Autonomi Vendore, madje i rr\u00ebmbejn\u00eb dhe logon 30 vje\u00e7are komb\u00ebtare! <\/p>\n<p>SHBSH u dualizua politikisht nga Ed Rama q\u00eb n\u00eb vitin 2009 nga nj\u00eb shoqat\u00eb partiake, ajo e autonomis\u00eb. <\/p>\n<p>Pasi rr\u00ebmbeu t\u00eb gjitha bashkit\u00eb, kryetar\u00ebt e k\u00ebshillat bashkiake, egzekuton dhe SHBSH. <\/p>\n<p>N\u00eb kund\u00ebrshtim me parimet demokratike,me statutin, me frym\u00ebn demokratike, Ed Rama dhe Rilindja uzurpuan dhe SHBSH. <\/p>\n<p>Sot, \u00e7do qytetari, \u00e7do familje, \u00e7do nj\u00ebsi administrative, \u00e7do Bashki, \u00e7do demokrat dhe \u00e7do shqiptari do ti mungoj avokati, kontribusi dhe aktori kryesor nd\u00ebrlidh\u00ebs n\u00eb marr\u00ebdh\u00ebnie me partner\u00ebt, donator\u00ebt dhe n\u00eb \u00e7do pro\u00e7es lobimi apo advokimi komb\u00ebtar e nd\u00ebrkomb\u00ebtar! <\/p>\n<p>Ed Rama dhe \u00e7eta e tij duhet t\u00eb reflektoj\u00eb urgjentisht ta anullojn\u00eb k\u00ebt\u00eb vendim anti demokratik, n\u00eb shkelje t\u00eb parimeve t\u00eb autonomis\u00eb vendore. <\/p>\n<p>Shpresojm\u00eb n\u00eb nd\u00ebrhyrjen e partner\u00ebve kryesor t\u00eb SHBSH, si kancelarit dhe donator\u00ebt e huaj. <\/p>\n<p>Pata fatin q\u00eb t\u00eb isha pjes\u00eb e k\u00ebsaj shoqate n\u00eb strukturat drejtuese t\u00eb saj, ndjehem i keqardhur q\u00eb u egzekutua nga rilindja, por i bindur q\u00eb n\u00eb zgjedhjet vendore t\u00eb 2023 demokrat\u00ebt dhe qytetar\u00ebt shqiptar\u00eb do t\u00eb votojn\u00eb Partin\u00eb Demokratike dhe do jemi shumica, dhe i bindur q\u00eb dhe Shoqata e Bashkive t\u00eb Shqip\u00ebris\u00eb do t\u00eb rikthehet m\u00eb kontribuese se sa kurr\u00eb m\u00eb par\u00eb! <\/p>\n<p>\u00a0 Disa nga partner\u00ebt kryesor t\u00eb SHBSH.<br \/>\nKongresi i Autoriteteve Lokale dhe Rajonale t\u00eb K\u00ebshillit t\u00eb Europ\u00ebs<br \/>\nEuropean Union in Albania<br \/>\nOSCE Presence in Albania<br \/>\nU.S. Embassy-Tirana<br \/>\nGerman Embassy &#8211; Tirana<br \/>\nAlbanian Council of Europe<br \/>\nEmbassy of Switzerland in Albania<br \/>\nEmbassy of the Netherlands in Albania<br \/>\nAmbasciata d&#8217;Italia a Tirana<br \/>\nAmbassade de France en Albanie I Ambasada e Franc\u00ebs n\u00eb Shqip\u00ebri<br \/>\nUNDP Albania<br \/>\nUSAID\/Albania<br \/>\nGIZ Albania<\/p>\n<p><img loading=\"lazy\" loading=\"lazy\" decoding=\"async\" src=\"https:\/\/neutrale.al\/wp-content\/uploads\/2022\/08\/F00A12BE-F43D-435B-A412-9E89C54B6B17-300x300.jpeg\" alt=\"\" width=\"300\" height=\"300\" class=\"alignnone size-medium wp-image-12414\" srcset=\"https:\/\/neutrale.al\/wp-content\/uploads\/2022\/08\/F00A12BE-F43D-435B-A412-9E89C54B6B17-300x300.jpeg 300w, https:\/\/neutrale.al\/wp-content\/uploads\/2022\/08\/F00A12BE-F43D-435B-A412-9E89C54B6B17-1024x1024.jpeg 1024w, https:\/\/neutrale.al\/wp-content\/uploads\/2022\/08\/F00A12BE-F43D-435B-A412-9E89C54B6B17-150x150.jpeg 150w, https:\/\/neutrale.al\/wp-content\/uploads\/2022\/08\/F00A12BE-F43D-435B-A412-9E89C54B6B17-768x768.jpeg 768w, https:\/\/neutrale.al\/wp-content\/uploads\/2022\/08\/F00A12BE-F43D-435B-A412-9E89C54B6B17-860x860.jpeg 860w, https:\/\/neutrale.al\/wp-content\/uploads\/2022\/08\/F00A12BE-F43D-435B-A412-9E89C54B6B17.jpeg 1070w\" sizes=\"auto, (max-width: 300px) 100vw, 300px\" \/><\/p>\n","protected":false},"excerpt":{"rendered":"<p>Ed Rama dhe Rilindja, t\u00eb angazhuar p\u00ebr ta \u00e7montuar demokracin\u00eb dhe pluralizmin n\u00eb \u00e7do qeliz\u00eb t\u00eb saj! E fundit q\u00eb u b\u00eb kurban, ishte Shoqata e Bashkive t\u00eb Shqip\u00ebris\u00eb (SHBSH)! Shoqata e Bashkive t\u00eb Shqip\u00ebris\u00eb ishte nj\u00eb shoqat\u00eb jopolitike, jofetare dhe jofitimprur\u00ebse, ishte nj\u00eb bashkim vullnetar dhe i pavarur i bashkive t\u00eb Shqip\u00ebris\u00eb. SHBSH u [&hellip;]<\/p>\n","protected":false},"author":2,"featured_media":12415,"comment_status":"open","ping_status":"open","sticky":false,"template":"","format":"standard","meta":{"footnotes":""},"categories":[2,9],"tags":[27],"class_list":{"0":"post-12413","1":"post","2":"type-post","3":"status-publish","4":"format-standard","5":"has-post-thumbnail","7":"category-opinione","8":"category-politika","9":"tag-lajme"},"_links":{"self":[{"href":"https:\/\/neutrale.al\/index.php\/wp-json\/wp\/v2\/posts\/12413","targetHints":{"allow":["GET"]}}],"collection":[{"href":"https:\/\/neutrale.al\/index.php\/wp-json\/wp\/v2\/posts"}],"about":[{"href":"https:\/\/neutrale.al\/index.php\/wp-json\/wp\/v2\/types\/post"}],"author":[{"embeddable":true,"href":"https:\/\/neutrale.al\/index.php\/wp-json\/wp\/v2\/users\/2"}],"replies":[{"embeddable":true,"href":"https:\/\/neutrale.al\/index.php\/wp-json\/wp\/v2\/comments?post=12413"}],"version-history":[{"count":1,"href":"https:\/\/neutrale.al\/index.php\/wp-json\/wp\/v2\/posts\/12413\/revisions"}],"predecessor-version":[{"id":12416,"href":"https:\/\/neutrale.al\/index.php\/wp-json\/wp\/v2\/posts\/12413\/revisions\/12416"}],"wp:featuredmedia":[{"embeddable":true,"href":"https:\/\/neutrale.al\/index.php\/wp-json\/wp\/v2\/media\/12415"}],"wp:attachment":[{"href":"https:\/\/neutrale.al\/index.php\/wp-json\/wp\/v2\/media?parent=12413"}],"wp:term":[{"taxonomy":"category","embeddable":true,"href":"https:\/\/neutrale.al\/index.php\/wp-json\/wp\/v2\/categories?post=12413"},{"taxonomy":"post_tag","embeddable":true,"href":"https:\/\/neutrale.al\/index.php\/wp-json\/wp\/v2\/tags?post=12413"}],"curies":[{"name":"wp","href":"https:\/\/api.w.org\/{rel}","templated":true}]}}