{"id":12373,"date":"2022-08-01T11:20:01","date_gmt":"2022-08-01T11:20:01","guid":{"rendered":"https:\/\/neutrale.al\/?p=12373"},"modified":"2022-08-01T11:20:01","modified_gmt":"2022-08-01T11:20:01","slug":"trump-presidenti-biden-po-pregatitet-te-shkoi-ne-azil-pleqsh","status":"publish","type":"post","link":"https:\/\/neutrale.al\/index.php\/2022\/08\/01\/trump-presidenti-biden-po-pregatitet-te-shkoi-ne-azil-pleqsh\/","title":{"rendered":"Trump: Presidenti Biden po pregatitet t\u00eb shkoi n\u00eb azil pleqsh !"},"content":{"rendered":"<p>Donald Trump, ka p\u00ebrfituar nga rikthimi i Joe Biden mbas sh\u00ebrimit prej COVID-19, p\u00ebr ta sulmuar at\u00eb p\u00ebr gjendjen e tij t\u00eb p\u00ebrgjithshme fizike.<br \/>\n\u201cMjek\u00ebt kan\u00eb gabuar diganoz\u00ebn. Biden nuk ka s\u00ebrish Covid, i njohur ndryshe si virusi i Kin\u00ebs, por demenc\u00eb senile\u201d, shkruan n\u00eb rrjetin e tij social &#8220;Truth&#8221; ish-presidenti Donald Trump, i cili \u00ebsht\u00eb pothuajse n\u00eb t\u00eb nj\u00ebjt\u00ebn mosh\u00eb me presidentin Biden. <\/p>\n<p>\u201cJoe po mendon t\u00eb transferohet me koh\u00eb t\u00eb pjesshme n\u00eb nj\u00eb nga ato sht\u00ebpit\u00eb e bukura t\u00eb pensionist\u00ebve n\u00eb \u00cbisconsin, ku gati 100% e banor\u00ebve, p\u00ebr mrekulli dhe p\u00ebr her\u00eb t\u00eb par\u00eb n\u00eb histori, kan\u00eb pasur forc\u00ebn dhe energjin\u00eb p\u00ebr t\u00eb votuar, edhe n\u00ebse ato vota jan\u00eb shpallur t\u00eb paligjshme. Sh\u00ebrohuni shpejt Joe!\u201d, sulmoi Trump, duke rip\u00ebrs\u00ebritur p\u00ebr t\u00eb disat\u00ebn her\u00eb akuzat p\u00ebr mashtrim n\u00eb zgjedhjet e 2019-\u00ebs t\u00eb fituara nga Biden.<\/p>\n","protected":false},"excerpt":{"rendered":"<p>Donald Trump, ka p\u00ebrfituar nga rikthimi i Joe Biden mbas sh\u00ebrimit prej COVID-19, p\u00ebr ta sulmuar at\u00eb p\u00ebr gjendjen e tij t\u00eb p\u00ebrgjithshme fizike. \u201cMjek\u00ebt kan\u00eb gabuar diganoz\u00ebn. Biden nuk ka s\u00ebrish Covid, i njohur ndryshe si virusi i Kin\u00ebs, por demenc\u00eb senile\u201d, shkruan n\u00eb rrjetin e tij social &#8220;Truth&#8221; ish-presidenti Donald Trump, i cili [&hellip;]<\/p>\n","protected":false},"author":2,"featured_media":12374,"comment_status":"open","ping_status":"open","sticky":false,"template":"","format":"standard","meta":{"footnotes":""},"categories":[12,118],"tags":[27],"class_list":{"0":"post-12373","1":"post","2":"type-post","3":"status-publish","4":"format-standard","5":"has-post-thumbnail","7":"category-bota","8":"category-kryesore","9":"tag-lajme"},"_links":{"self":[{"href":"https:\/\/neutrale.al\/index.php\/wp-json\/wp\/v2\/posts\/12373","targetHints":{"allow":["GET"]}}],"collection":[{"href":"https:\/\/neutrale.al\/index.php\/wp-json\/wp\/v2\/posts"}],"about":[{"href":"https:\/\/neutrale.al\/index.php\/wp-json\/wp\/v2\/types\/post"}],"author":[{"embeddable":true,"href":"https:\/\/neutrale.al\/index.php\/wp-json\/wp\/v2\/users\/2"}],"replies":[{"embeddable":true,"href":"https:\/\/neutrale.al\/index.php\/wp-json\/wp\/v2\/comments?post=12373"}],"version-history":[{"count":1,"href":"https:\/\/neutrale.al\/index.php\/wp-json\/wp\/v2\/posts\/12373\/revisions"}],"predecessor-version":[{"id":12375,"href":"https:\/\/neutrale.al\/index.php\/wp-json\/wp\/v2\/posts\/12373\/revisions\/12375"}],"wp:featuredmedia":[{"embeddable":true,"href":"https:\/\/neutrale.al\/index.php\/wp-json\/wp\/v2\/media\/12374"}],"wp:attachment":[{"href":"https:\/\/neutrale.al\/index.php\/wp-json\/wp\/v2\/media?parent=12373"}],"wp:term":[{"taxonomy":"category","embeddable":true,"href":"https:\/\/neutrale.al\/index.php\/wp-json\/wp\/v2\/categories?post=12373"},{"taxonomy":"post_tag","embeddable":true,"href":"https:\/\/neutrale.al\/index.php\/wp-json\/wp\/v2\/tags?post=12373"}],"curies":[{"name":"wp","href":"https:\/\/api.w.org\/{rel}","templated":true}]}}