{"id":12306,"date":"2022-07-31T17:48:43","date_gmt":"2022-07-31T17:48:43","guid":{"rendered":"https:\/\/neutrale.al\/?p=12306"},"modified":"2022-07-31T17:48:43","modified_gmt":"2022-07-31T17:48:43","slug":"itali-arrestohen-shqiptari-dhe-ish-futbollisti-plagosen-rende-45-vjecarin","status":"publish","type":"post","link":"https:\/\/neutrale.al\/index.php\/2022\/07\/31\/itali-arrestohen-shqiptari-dhe-ish-futbollisti-plagosen-rende-45-vjecarin\/","title":{"rendered":"Itali\/Arrestohen shqiptari dhe ish-futbollisti , plagos\u00ebn r\u00ebnd\u00eb 45 vje\u00e7arin"},"content":{"rendered":"<p>Nj\u00eb 36-vje\u00e7ar shqiptar dhe nj\u00eb ish-futbollist i njohur italian kan\u00eb r\u00ebn\u00eb n\u00eb prangat e karabinier\u00ebve.<\/p>\n<p>Shqiptari dhe ish-futbollisti italian s\u00ebbashku me dy persona t\u00eb tjer\u00eb akuzohen p\u00ebr gjobv\u00ebnie dhe tentativ\u00eb vrasjeje.<\/p>\n<p><a href=\"https:\/\/roma.corriere.it\/notizie\/cronaca\/22_luglio_31\/acilia-assolda-killer-uccidere-estorsore-cinque-arresti-dd81dd8e-10d0-11ed-a51a-61cd2f7e6e96.shtml?fs=e&amp;s=cl\">Sipas mediave italiane<\/a> 36-vje\u00e7ari shqiptar s\u00ebbashku me 3 personat e tjer\u00eb m\u00eb 22 tetor t\u00eb vitit 2022 kan\u00eb l\u00ebn\u00eb t\u00eb plagosur nj\u00eb 45-vje\u00e7ar n\u00eb Acilia.<\/p>\n<p>N\u00eb at\u00eb q\u00eb karabinier\u00ebt e konsiderojn\u00eb si atentat t\u00eb mir\u00ebfillt\u00eb, 45-vje\u00e7ari shp\u00ebtoi p\u00ebr mrekulli nga bresh\u00ebria e plumbave, nd\u00ebrsa Gjykata e Rom\u00ebs kishte l\u00ebshuar urdh\u00ebr-arrestet, tashm\u00eb t\u00eb ekzekutuara nga policia p\u00ebr 5 persona.<\/p>\n<p>Sipas dosjes s\u00eb prokuroris\u00eb e cila ka rind\u00ebrtuar ngjarjen e tetorit t\u00eb vitit 2020, ku 45-vje\u00e7ari u tentua t\u00eb eliminohej p\u00ebr shkak t\u00eb pazareve t\u00eb trafikut t\u00eb drog\u00ebs, ka rezultuar gjithashtu se personi ndaj t\u00eb cilit \u00ebsht\u00eb b\u00ebr\u00eb atentat \u00ebsht\u00eb arrestuar n\u00eb vitin 2017 p\u00ebr shkak se ishte kapur me kokain\u00eb.<\/p>\n<p>Ai k\u00ebrkonte \u00e7do muaj nga autori i atentatit rreth 1000 euro (n\u00eb total rreth 40 mij\u00eb euro) , si kompensim p\u00ebr ruajtjen e drog\u00ebs p\u00ebr llogari t\u00eb personave t\u00eb tjer\u00eb.<\/p>\n<p>P\u00ebr k\u00ebt\u00eb arsye, personi q\u00eb ishte viktim\u00eb e zhvatjes s\u00eb 45-vje\u00e7arit kishte vendosur ta eliminonte at\u00eb. Policia arrestoi edhe vet\u00eb 45-vje\u00e7arin q\u00eb i shp\u00ebtoi atentatit dhe mbeti i plagosur.<\/p>\n<p>Ndaj tij \u00ebsht\u00eb ngritur akuza e shantazhit dhe zhvatjes. Dy nga 4 personat q\u00eb dyshohen t\u00eb jen\u00eb t\u00eb p\u00ebrfshir\u00eb n\u00eb tentativ\u00ebn e vrasjes \u00ebsht\u00eb nj\u00eb 34-vje\u00e7ari italian, ish-futbollist profesionist.<\/p>\n<p>Atij i jan\u00eb gjetur edhe 27 kilogram\u00eb kokain\u00eb. Gjithashtu edhe nj\u00eb 36-vje\u00e7ar. T\u00eb kat\u00ebr personat jan\u00eb l\u00ebn\u00eb n\u00eb burg pasi akuzohen edhe p\u00ebr p\u00ebrfshirje n\u00eb trafikun e drog\u00ebs dhe me lidhje mafioze.<\/p>\n","protected":false},"excerpt":{"rendered":"<p>Nj\u00eb 36-vje\u00e7ar shqiptar dhe nj\u00eb ish-futbollist i njohur italian kan\u00eb r\u00ebn\u00eb n\u00eb prangat e karabinier\u00ebve. Shqiptari dhe ish-futbollisti italian s\u00ebbashku me dy persona t\u00eb tjer\u00eb akuzohen p\u00ebr gjobv\u00ebnie dhe tentativ\u00eb vrasjeje. Sipas mediave italiane 36-vje\u00e7ari shqiptar s\u00ebbashku me 3 personat e tjer\u00eb m\u00eb 22 tetor t\u00eb vitit 2022 kan\u00eb l\u00ebn\u00eb t\u00eb plagosur nj\u00eb 45-vje\u00e7ar n\u00eb [&hellip;]<\/p>\n","protected":false},"author":2,"featured_media":12308,"comment_status":"open","ping_status":"open","sticky":false,"template":"","format":"standard","meta":{"footnotes":""},"categories":[12],"tags":[27],"class_list":{"0":"post-12306","1":"post","2":"type-post","3":"status-publish","4":"format-standard","5":"has-post-thumbnail","7":"category-bota","8":"tag-lajme"},"_links":{"self":[{"href":"https:\/\/neutrale.al\/index.php\/wp-json\/wp\/v2\/posts\/12306","targetHints":{"allow":["GET"]}}],"collection":[{"href":"https:\/\/neutrale.al\/index.php\/wp-json\/wp\/v2\/posts"}],"about":[{"href":"https:\/\/neutrale.al\/index.php\/wp-json\/wp\/v2\/types\/post"}],"author":[{"embeddable":true,"href":"https:\/\/neutrale.al\/index.php\/wp-json\/wp\/v2\/users\/2"}],"replies":[{"embeddable":true,"href":"https:\/\/neutrale.al\/index.php\/wp-json\/wp\/v2\/comments?post=12306"}],"version-history":[{"count":0,"href":"https:\/\/neutrale.al\/index.php\/wp-json\/wp\/v2\/posts\/12306\/revisions"}],"wp:featuredmedia":[{"embeddable":true,"href":"https:\/\/neutrale.al\/index.php\/wp-json\/wp\/v2\/media\/12308"}],"wp:attachment":[{"href":"https:\/\/neutrale.al\/index.php\/wp-json\/wp\/v2\/media?parent=12306"}],"wp:term":[{"taxonomy":"category","embeddable":true,"href":"https:\/\/neutrale.al\/index.php\/wp-json\/wp\/v2\/categories?post=12306"},{"taxonomy":"post_tag","embeddable":true,"href":"https:\/\/neutrale.al\/index.php\/wp-json\/wp\/v2\/tags?post=12306"}],"curies":[{"name":"wp","href":"https:\/\/api.w.org\/{rel}","templated":true}]}}