{"id":11999,"date":"2022-07-29T18:47:39","date_gmt":"2022-07-29T18:47:39","guid":{"rendered":"https:\/\/neutrale.al\/?p=11999"},"modified":"2022-07-29T18:47:39","modified_gmt":"2022-07-29T18:47:39","slug":"rama-ne-portin-e-vlores-2-anije-prodhuese-te-energjise-instalohen-brenda-gushtit","status":"publish","type":"post","link":"https:\/\/neutrale.al\/index.php\/2022\/07\/29\/rama-ne-portin-e-vlores-2-anije-prodhuese-te-energjise-instalohen-brenda-gushtit\/","title":{"rendered":"Rama: N\u00eb Portin e Vlor\u00ebs, 2 anije prodhuese t\u00eb energjis\u00eb, instalohen brenda gushtit."},"content":{"rendered":"<p>Lajmin e p\u00ebrcjell\u00eb Kryeministri Edi Rama n\u00eb &#8220;Facebook&#8221; t\u00eb tij. <\/p>\n<p>Ai ka qen\u00eb sot p\u00ebr inspektimin e kantierit ku po punohet p\u00ebr Portin e Ri t\u00eb Vlor\u00ebs. <\/p>\n<p>Rama shkruan, se brenda gushtit, n\u00eb k\u00ebt\u00eb port\u00a0 do t\u00eb instalohen dy anijet e prodhimit t\u00eb energjis\u00eb.<br \/>\nKujtojm\u00eb se t\u00eb dyja anijet specifike p\u00ebr prodhim energjie, qeveria i ka marr\u00eb me qira p\u00ebr t\u00eb shtuar kapacitetet prodhuese energjetike. <\/p>\n<p>Ja postimi i plot\u00eb: <\/p>\n<p>Vlor\u00eb &#8211; Aty ku po mobilizohet kantieri i Portit t\u00eb Ri t\u00eb Vlor\u00ebs; nj\u00eb port i integruar ku p\u00ebrve\u00e7 anijeve t\u00eb mallrave do t\u00eb ankorohen anijet e peshkimit, tragetet e udh\u00ebtar\u00ebve, nd\u00ebrkoh\u00eb q\u00eb brenda gushtit do t\u00eb instalohen dy anije prodhuese t\u00eb energjis\u00eb elektrike\u2693\ufe0f\ud83d\udef3\u26f4\ud83d\udea2\u26a1\ufe0f\ud83d\udca1<\/p>\n","protected":false},"excerpt":{"rendered":"<p>Lajmin e p\u00ebrcjell\u00eb Kryeministri Edi Rama n\u00eb &#8220;Facebook&#8221; t\u00eb tij. Ai ka qen\u00eb sot p\u00ebr inspektimin e kantierit ku po punohet p\u00ebr Portin e Ri t\u00eb Vlor\u00ebs. Rama shkruan, se brenda gushtit, n\u00eb k\u00ebt\u00eb port\u00a0 do t\u00eb instalohen dy anijet e prodhimit t\u00eb energjis\u00eb. Kujtojm\u00eb se t\u00eb dyja anijet specifike p\u00ebr prodhim energjie, qeveria i [&hellip;]<\/p>\n","protected":false},"author":2,"featured_media":12000,"comment_status":"open","ping_status":"open","sticky":false,"template":"","format":"standard","meta":{"footnotes":""},"categories":[9],"tags":[27],"class_list":{"0":"post-11999","1":"post","2":"type-post","3":"status-publish","4":"format-standard","5":"has-post-thumbnail","7":"category-politika","8":"tag-lajme"},"_links":{"self":[{"href":"https:\/\/neutrale.al\/index.php\/wp-json\/wp\/v2\/posts\/11999","targetHints":{"allow":["GET"]}}],"collection":[{"href":"https:\/\/neutrale.al\/index.php\/wp-json\/wp\/v2\/posts"}],"about":[{"href":"https:\/\/neutrale.al\/index.php\/wp-json\/wp\/v2\/types\/post"}],"author":[{"embeddable":true,"href":"https:\/\/neutrale.al\/index.php\/wp-json\/wp\/v2\/users\/2"}],"replies":[{"embeddable":true,"href":"https:\/\/neutrale.al\/index.php\/wp-json\/wp\/v2\/comments?post=11999"}],"version-history":[{"count":1,"href":"https:\/\/neutrale.al\/index.php\/wp-json\/wp\/v2\/posts\/11999\/revisions"}],"predecessor-version":[{"id":12001,"href":"https:\/\/neutrale.al\/index.php\/wp-json\/wp\/v2\/posts\/11999\/revisions\/12001"}],"wp:featuredmedia":[{"embeddable":true,"href":"https:\/\/neutrale.al\/index.php\/wp-json\/wp\/v2\/media\/12000"}],"wp:attachment":[{"href":"https:\/\/neutrale.al\/index.php\/wp-json\/wp\/v2\/media?parent=11999"}],"wp:term":[{"taxonomy":"category","embeddable":true,"href":"https:\/\/neutrale.al\/index.php\/wp-json\/wp\/v2\/categories?post=11999"},{"taxonomy":"post_tag","embeddable":true,"href":"https:\/\/neutrale.al\/index.php\/wp-json\/wp\/v2\/tags?post=11999"}],"curies":[{"name":"wp","href":"https:\/\/api.w.org\/{rel}","templated":true}]}}