{"id":11965,"date":"2022-07-29T16:40:00","date_gmt":"2022-07-29T16:40:00","guid":{"rendered":"https:\/\/neutrale.al\/?p=11965"},"modified":"2022-07-29T16:40:00","modified_gmt":"2022-07-29T16:40:00","slug":"pensionisti-con-fotokopjen-per-skrap-brenda-ndodheshin-1-milion-euro","status":"publish","type":"post","link":"https:\/\/neutrale.al\/index.php\/2022\/07\/29\/pensionisti-con-fotokopjen-per-skrap-brenda-ndodheshin-1-milion-euro\/","title":{"rendered":"Pensionisti \u00e7on fotokopjen p\u00ebr skrap , brenda ndodheshin 1 milion euro"},"content":{"rendered":"<p>T\u00eb pakt\u00ebn nj\u00eb milion euro p\u00ebrfunduan copa-copa. Kjo \u00ebsht\u00eb fatkeq\u00ebsia q\u00eb i ndodhi nj\u00eb pensionisti nga Alto Vicentino, i cili vendosi t\u00eb hiqte qafe nj\u00eb fotokopje, duke ja dh\u00ebn\u00eb eko-qendr\u00ebs Romano d&#8217;Ezzelino p\u00ebr ta asgjesuar.<\/p>\n<p>Sa keq q\u00eb ai nuk e mbante mend se brenda saj kishte fshehur kursimet e jet\u00ebs s\u00eb tij.<\/p>\n<p>Episodi konfirmohet nga kompania e specializuar p\u00ebr asgj\u00ebsimin e mbetjeve p\u00ebr Il Giornale di Vicenza.<\/p>\n<p>Asgj\u00eb nuk mund t\u00eb b\u00ebhej p\u00ebr t\u00eb shp\u00ebtuar thesarin. Kur punonj\u00ebsit e kuptuan se tufat e parave po &#8216;digjeshin&#8217; ishte tep\u00ebr von\u00eb.<\/p>\n<p>Makina fotokopjuese kishte p\u00ebrfunduar tashm\u00eb n\u00eb p\u00ebrpunuesin e ushqimit, ishte e pamundur t\u00eb merrej pa rrezikuar.<\/p>\n<p>Punonj\u00ebsit e Romano d&#8217;Ezzelino&#8217;s Sea mbet\u00ebn me vet\u00ebm nj\u00eb grusht copa letre n\u00eb dor\u00eb.<\/p>\n<p>Viktima e k\u00ebsaj fatkeq\u00ebsie nuk \u00ebsht\u00eb identifikuar. N\u00eb Chiampo, kryebashkiaku Matteo Macilotti tha se &#8220;nuk ia dim\u00eb emrin bashk\u00ebqytetarit&#8221;.Por konfirmoi se i kishte shkuar n\u00eb Bashki p\u00ebr rastin.<\/p>\n<p>\u201cNj\u00eb m\u00ebngjes e pash\u00eb shum\u00eb t\u00eb shqet\u00ebsuar,thot\u00eb kryebashkiaku, donte t\u00eb rimerrte n\u00eb zot\u00ebrim makinerin\u00eb q\u00eb ai vet\u00eb i kishte dh\u00ebn\u00eb eko-qendr\u00ebs disa dit\u00eb m\u00eb par\u00eb\u201d.<\/p>\n","protected":false},"excerpt":{"rendered":"<p>T\u00eb pakt\u00ebn nj\u00eb milion euro p\u00ebrfunduan copa-copa. Kjo \u00ebsht\u00eb fatkeq\u00ebsia q\u00eb i ndodhi nj\u00eb pensionisti nga Alto Vicentino, i cili vendosi t\u00eb hiqte qafe nj\u00eb fotokopje, duke ja dh\u00ebn\u00eb eko-qendr\u00ebs Romano d&#8217;Ezzelino p\u00ebr ta asgjesuar. Sa keq q\u00eb ai nuk e mbante mend se brenda saj kishte fshehur kursimet e jet\u00ebs s\u00eb tij. Episodi konfirmohet [&hellip;]<\/p>\n","protected":false},"author":2,"featured_media":11966,"comment_status":"open","ping_status":"open","sticky":false,"template":"","format":"standard","meta":{"footnotes":""},"categories":[12],"tags":[27],"class_list":{"0":"post-11965","1":"post","2":"type-post","3":"status-publish","4":"format-standard","5":"has-post-thumbnail","7":"category-bota","8":"tag-lajme"},"_links":{"self":[{"href":"https:\/\/neutrale.al\/index.php\/wp-json\/wp\/v2\/posts\/11965","targetHints":{"allow":["GET"]}}],"collection":[{"href":"https:\/\/neutrale.al\/index.php\/wp-json\/wp\/v2\/posts"}],"about":[{"href":"https:\/\/neutrale.al\/index.php\/wp-json\/wp\/v2\/types\/post"}],"author":[{"embeddable":true,"href":"https:\/\/neutrale.al\/index.php\/wp-json\/wp\/v2\/users\/2"}],"replies":[{"embeddable":true,"href":"https:\/\/neutrale.al\/index.php\/wp-json\/wp\/v2\/comments?post=11965"}],"version-history":[{"count":1,"href":"https:\/\/neutrale.al\/index.php\/wp-json\/wp\/v2\/posts\/11965\/revisions"}],"predecessor-version":[{"id":11967,"href":"https:\/\/neutrale.al\/index.php\/wp-json\/wp\/v2\/posts\/11965\/revisions\/11967"}],"wp:featuredmedia":[{"embeddable":true,"href":"https:\/\/neutrale.al\/index.php\/wp-json\/wp\/v2\/media\/11966"}],"wp:attachment":[{"href":"https:\/\/neutrale.al\/index.php\/wp-json\/wp\/v2\/media?parent=11965"}],"wp:term":[{"taxonomy":"category","embeddable":true,"href":"https:\/\/neutrale.al\/index.php\/wp-json\/wp\/v2\/categories?post=11965"},{"taxonomy":"post_tag","embeddable":true,"href":"https:\/\/neutrale.al\/index.php\/wp-json\/wp\/v2\/tags?post=11965"}],"curies":[{"name":"wp","href":"https:\/\/api.w.org\/{rel}","templated":true}]}}