{"id":11780,"date":"2022-07-28T18:03:52","date_gmt":"2022-07-28T18:03:52","guid":{"rendered":"https:\/\/neutrale.al\/?p=11780"},"modified":"2022-07-28T18:03:52","modified_gmt":"2022-07-28T18:03:52","slug":"nis-koncerti-diplomatik-ne-tirane","status":"publish","type":"post","link":"https:\/\/neutrale.al\/index.php\/2022\/07\/28\/nis-koncerti-diplomatik-ne-tirane\/","title":{"rendered":"Nis koncerti diplomatik n\u00eb Tiran\u00eb&#8230;"},"content":{"rendered":"<p>Sheshi &#8220;Sk\u00ebnderbej&#8221; shnd\u00ebrrohet n\u00eb aren\u00eb festive me rastin e 100 vjetorit t\u00eb marr\u00ebdh\u00ebnieve diplomatike midis Shqip\u00ebris\u00eb dhe ShBA-ve, por edhe hapjes s\u00eb negociatave me Bashkimin Europian. <\/p>\n<p>Mij\u00ebra qytetar\u00eb jan\u00eb mbledhur n\u00eb sheshin \u201cSk\u00ebnderbej\u201d n\u00eb organizimin e inicuar nga Partia Socialiste dhe qeveria n\u00eb kuad\u00ebr t\u00eb hapjes s\u00eb negociatave me Bashkimin Europian si dhe t\u00eb 100-vjetorit t\u00eb marr\u00ebdh\u00ebnieve SHBA-Shqip\u00ebri. <\/p>\n<p>N\u00eb k\u00ebt\u00eb manifestim do t\u00eb performojn\u00eb disa nga k\u00ebng\u00ebtar\u00ebt m\u00eb t\u00eb mir\u00eb shqiptar si Alban Sk\u00ebnderaj, Soni Malaj, Anxhela Peristeri, Ylli Limani Eneida Tarifa, Fifi, e t\u00eb tjer\u00eb. <\/p>\n<p>Nd\u00ebrsa n\u00eb or\u00ebn 20:30 do t\u00eb mblidhet kryeministri Rama\u00a0 me kabinetin qeveritar.<\/p>\n<p><img loading=\"lazy\" loading=\"lazy\" decoding=\"async\" src=\"https:\/\/neutrale.al\/wp-content\/uploads\/2022\/07\/62858AF8-E896-4E95-8674-076BE616B0C6-300x225.jpeg\" alt=\"\" width=\"300\" height=\"225\" class=\"alignnone size-medium wp-image-11781\" srcset=\"https:\/\/neutrale.al\/wp-content\/uploads\/2022\/07\/62858AF8-E896-4E95-8674-076BE616B0C6-300x225.jpeg 300w, https:\/\/neutrale.al\/wp-content\/uploads\/2022\/07\/62858AF8-E896-4E95-8674-076BE616B0C6-1024x768.jpeg 1024w, https:\/\/neutrale.al\/wp-content\/uploads\/2022\/07\/62858AF8-E896-4E95-8674-076BE616B0C6-768x576.jpeg 768w, https:\/\/neutrale.al\/wp-content\/uploads\/2022\/07\/62858AF8-E896-4E95-8674-076BE616B0C6-1536x1152.jpeg 1536w, https:\/\/neutrale.al\/wp-content\/uploads\/2022\/07\/62858AF8-E896-4E95-8674-076BE616B0C6-860x645.jpeg 860w, https:\/\/neutrale.al\/wp-content\/uploads\/2022\/07\/62858AF8-E896-4E95-8674-076BE616B0C6.jpeg 1600w\" sizes=\"auto, (max-width: 300px) 100vw, 300px\" \/><\/p>\n","protected":false},"excerpt":{"rendered":"<p>Sheshi &#8220;Sk\u00ebnderbej&#8221; shnd\u00ebrrohet n\u00eb aren\u00eb festive me rastin e 100 vjetorit t\u00eb marr\u00ebdh\u00ebnieve diplomatike midis Shqip\u00ebris\u00eb dhe ShBA-ve, por edhe hapjes s\u00eb negociatave me Bashkimin Europian. Mij\u00ebra qytetar\u00eb jan\u00eb mbledhur n\u00eb sheshin \u201cSk\u00ebnderbej\u201d n\u00eb organizimin e inicuar nga Partia Socialiste dhe qeveria n\u00eb kuad\u00ebr t\u00eb hapjes s\u00eb negociatave me Bashkimin Europian si dhe t\u00eb 100-vjetorit [&hellip;]<\/p>\n","protected":false},"author":2,"featured_media":11782,"comment_status":"open","ping_status":"open","sticky":false,"template":"","format":"standard","meta":{"footnotes":""},"categories":[118],"tags":[],"class_list":{"0":"post-11780","1":"post","2":"type-post","3":"status-publish","4":"format-standard","5":"has-post-thumbnail","7":"category-kryesore"},"_links":{"self":[{"href":"https:\/\/neutrale.al\/index.php\/wp-json\/wp\/v2\/posts\/11780","targetHints":{"allow":["GET"]}}],"collection":[{"href":"https:\/\/neutrale.al\/index.php\/wp-json\/wp\/v2\/posts"}],"about":[{"href":"https:\/\/neutrale.al\/index.php\/wp-json\/wp\/v2\/types\/post"}],"author":[{"embeddable":true,"href":"https:\/\/neutrale.al\/index.php\/wp-json\/wp\/v2\/users\/2"}],"replies":[{"embeddable":true,"href":"https:\/\/neutrale.al\/index.php\/wp-json\/wp\/v2\/comments?post=11780"}],"version-history":[{"count":1,"href":"https:\/\/neutrale.al\/index.php\/wp-json\/wp\/v2\/posts\/11780\/revisions"}],"predecessor-version":[{"id":11783,"href":"https:\/\/neutrale.al\/index.php\/wp-json\/wp\/v2\/posts\/11780\/revisions\/11783"}],"wp:featuredmedia":[{"embeddable":true,"href":"https:\/\/neutrale.al\/index.php\/wp-json\/wp\/v2\/media\/11782"}],"wp:attachment":[{"href":"https:\/\/neutrale.al\/index.php\/wp-json\/wp\/v2\/media?parent=11780"}],"wp:term":[{"taxonomy":"category","embeddable":true,"href":"https:\/\/neutrale.al\/index.php\/wp-json\/wp\/v2\/categories?post=11780"},{"taxonomy":"post_tag","embeddable":true,"href":"https:\/\/neutrale.al\/index.php\/wp-json\/wp\/v2\/tags?post=11780"}],"curies":[{"name":"wp","href":"https:\/\/api.w.org\/{rel}","templated":true}]}}