{"id":11573,"date":"2022-07-27T16:59:00","date_gmt":"2022-07-27T16:59:00","guid":{"rendered":"https:\/\/neutrale.al\/?p=11573"},"modified":"2022-07-27T16:59:00","modified_gmt":"2022-07-27T16:59:00","slug":"luciano-boci-pse-i-shmanget-rama-debatit-parlamentar-per-ndryshimet-ne-qeveri","status":"publish","type":"post","link":"https:\/\/neutrale.al\/index.php\/2022\/07\/27\/luciano-boci-pse-i-shmanget-rama-debatit-parlamentar-per-ndryshimet-ne-qeveri\/","title":{"rendered":"Lu\u00e7iano Bo\u00e7i\/Pse i shmanget Rama debatit parlamentar p\u00ebr ndryshimet n\u00eb qeveri&#8230;."},"content":{"rendered":"<p>Rama k\u00ebrkon t\u00eb fsheh\u00eb n\u00eb \u00e7do m\u00ebnyr\u00eb d\u00ebshtimin e qeveris\u00eb s\u00eb tij t\u00eb zhytur kok\u00eb e k\u00ebmb\u00eb n\u00eb korrupsion.<br \/>\nNuk jan\u00eb vet\u00ebm incenerator\u00ebt, ferri ku do digjet ai vet\u00eb dhe qeveria e tij.<br \/>\nJan\u00eb dhe rrug\u00ebt me kosto t\u00eb shum\u00ebfishuar korruptive.<br \/>\nJan\u00eb dhe investimet gjoja strategjike t\u00eb familjar\u00ebve t\u00eb ministrave t\u00eb tij, q\u00eb kan\u00eb rr\u00ebmbyer pasurit\u00eb publike dhe private t\u00eb shqiptar\u00ebve.<br \/>\n\u00cbsht\u00eb dhe Butrinti q\u00eb po i dor\u00ebzohet nj\u00eb shqiptarofobi dhe interesave t\u00eb pista ekonomike.<br \/>\nP\u00ebr k\u00ebto arsye Rama k\u00ebrkon t\u2019i shmanget debatit parlamentar denoncues nes\u00ebr,\u00a0 p\u00ebr rrokad\u00ebn e korrupsionit q\u00eb do b\u00ebj\u00eb, sa p\u00ebr t\u2019i hedhur hi syve shqiptar\u00ebve.<br \/>\nPartia Demokratike k\u00ebrkon zbatimin e rregullores, ku sakt\u00ebsisht ndryshimi i Keshillit t\u00eb Ministrave dhe i programit qeveris\u00ebs, si\u00e7 e ka shprehur vet\u00eb Rama, shoq\u00ebrohet me debat parlamentar.<br \/>\n\u00c7do refuzim nga ana e Ram\u00ebs, n\u00ebp\u00ebrmjet znj. Nikolla, \u00ebsht\u00eb shkelje e Kushtetut\u00ebs dhe e rregullores s\u00eb Parlamentit.<br \/>\nNj\u00ebherazi, d\u00ebshmon panikun q\u00eb ka mb\u00ebrthyer Ram\u00ebn nga e v\u00ebrteta e korrupsionit marramend\u00ebs q\u00eb ka p\u00ebrfshir\u00eb at\u00eb dhe qeverisjen e tij.<br \/>\nRama nuk mund t\u00eb blej\u00eb qet\u0113sin\u00eb e pushimeve t\u00eb ver\u00ebs me vrasje debati.<br \/>\nProtestat p\u00ebr rr\u00ebzimin e tij do t\u00eb jen\u00eb dhe m\u00eb t\u00eb fuqishme!<\/p>\n","protected":false},"excerpt":{"rendered":"<p>Rama k\u00ebrkon t\u00eb fsheh\u00eb n\u00eb \u00e7do m\u00ebnyr\u00eb d\u00ebshtimin e qeveris\u00eb s\u00eb tij t\u00eb zhytur kok\u00eb e k\u00ebmb\u00eb n\u00eb korrupsion. Nuk jan\u00eb vet\u00ebm incenerator\u00ebt, ferri ku do digjet ai vet\u00eb dhe qeveria e tij. Jan\u00eb dhe rrug\u00ebt me kosto t\u00eb shum\u00ebfishuar korruptive. Jan\u00eb dhe investimet gjoja strategjike t\u00eb familjar\u00ebve t\u00eb ministrave t\u00eb tij, q\u00eb kan\u00eb rr\u00ebmbyer [&hellip;]<\/p>\n","protected":false},"author":2,"featured_media":11574,"comment_status":"open","ping_status":"open","sticky":false,"template":"","format":"standard","meta":{"footnotes":""},"categories":[9],"tags":[27],"class_list":{"0":"post-11573","1":"post","2":"type-post","3":"status-publish","4":"format-standard","5":"has-post-thumbnail","7":"category-politika","8":"tag-lajme"},"_links":{"self":[{"href":"https:\/\/neutrale.al\/index.php\/wp-json\/wp\/v2\/posts\/11573","targetHints":{"allow":["GET"]}}],"collection":[{"href":"https:\/\/neutrale.al\/index.php\/wp-json\/wp\/v2\/posts"}],"about":[{"href":"https:\/\/neutrale.al\/index.php\/wp-json\/wp\/v2\/types\/post"}],"author":[{"embeddable":true,"href":"https:\/\/neutrale.al\/index.php\/wp-json\/wp\/v2\/users\/2"}],"replies":[{"embeddable":true,"href":"https:\/\/neutrale.al\/index.php\/wp-json\/wp\/v2\/comments?post=11573"}],"version-history":[{"count":1,"href":"https:\/\/neutrale.al\/index.php\/wp-json\/wp\/v2\/posts\/11573\/revisions"}],"predecessor-version":[{"id":11575,"href":"https:\/\/neutrale.al\/index.php\/wp-json\/wp\/v2\/posts\/11573\/revisions\/11575"}],"wp:featuredmedia":[{"embeddable":true,"href":"https:\/\/neutrale.al\/index.php\/wp-json\/wp\/v2\/media\/11574"}],"wp:attachment":[{"href":"https:\/\/neutrale.al\/index.php\/wp-json\/wp\/v2\/media?parent=11573"}],"wp:term":[{"taxonomy":"category","embeddable":true,"href":"https:\/\/neutrale.al\/index.php\/wp-json\/wp\/v2\/categories?post=11573"},{"taxonomy":"post_tag","embeddable":true,"href":"https:\/\/neutrale.al\/index.php\/wp-json\/wp\/v2\/tags?post=11573"}],"curies":[{"name":"wp","href":"https:\/\/api.w.org\/{rel}","templated":true}]}}