{"id":11434,"date":"2022-07-26T18:09:02","date_gmt":"2022-07-26T18:09:02","guid":{"rendered":"https:\/\/neutrale.al\/?p=11434"},"modified":"2022-07-26T18:09:02","modified_gmt":"2022-07-26T18:09:02","slug":"zjarret-6-vatra-aktive-ne-5-qarqe-te-vendit","status":"publish","type":"post","link":"https:\/\/neutrale.al\/index.php\/2022\/07\/26\/zjarret-6-vatra-aktive-ne-5-qarqe-te-vendit\/","title":{"rendered":"Zjarret, 6 vatra aktive n\u00eb 5 qarqe t\u00eb vendit"},"content":{"rendered":"<p>Ministri i Mbrojtjes, Niko Peleshi, njofton se n\u00eb t\u00eb gjith\u00eb vendin jan\u00eb aktualisht 6 vatra zjarri aktive. <\/p>\n<p>Forca t\u00eb shumta nga terreni, por edhe helikopteri nga ajri po punojn\u00eb p\u00ebr shuarjen e tyre. <\/p>\n<p>Vatrat e zjarrit jan\u00eb n\u00eb qarqet Berat, Shkod\u00ebr, Lezh\u00eb, Elbasan dhe Durr\u00ebs. <\/p>\n<p>Sipas ministrit, situata problematike \u00ebsht\u00eb n\u00eb Nd\u00ebrshen t\u00eb Mirdit\u00ebs.<\/p>\n","protected":false},"excerpt":{"rendered":"<p>Ministri i Mbrojtjes, Niko Peleshi, njofton se n\u00eb t\u00eb gjith\u00eb vendin jan\u00eb aktualisht 6 vatra zjarri aktive. Forca t\u00eb shumta nga terreni, por edhe helikopteri nga ajri po punojn\u00eb p\u00ebr shuarjen e tyre. Vatrat e zjarrit jan\u00eb n\u00eb qarqet Berat, Shkod\u00ebr, Lezh\u00eb, Elbasan dhe Durr\u00ebs. Sipas ministrit, situata problematike \u00ebsht\u00eb n\u00eb Nd\u00ebrshen t\u00eb Mirdit\u00ebs.<\/p>\n","protected":false},"author":2,"featured_media":11435,"comment_status":"open","ping_status":"open","sticky":false,"template":"","format":"standard","meta":{"footnotes":""},"categories":[117,118],"tags":[],"class_list":{"0":"post-11434","1":"post","2":"type-post","3":"status-publish","4":"format-standard","5":"has-post-thumbnail","7":"category-aktualitet","8":"category-kryesore"},"_links":{"self":[{"href":"https:\/\/neutrale.al\/index.php\/wp-json\/wp\/v2\/posts\/11434","targetHints":{"allow":["GET"]}}],"collection":[{"href":"https:\/\/neutrale.al\/index.php\/wp-json\/wp\/v2\/posts"}],"about":[{"href":"https:\/\/neutrale.al\/index.php\/wp-json\/wp\/v2\/types\/post"}],"author":[{"embeddable":true,"href":"https:\/\/neutrale.al\/index.php\/wp-json\/wp\/v2\/users\/2"}],"replies":[{"embeddable":true,"href":"https:\/\/neutrale.al\/index.php\/wp-json\/wp\/v2\/comments?post=11434"}],"version-history":[{"count":1,"href":"https:\/\/neutrale.al\/index.php\/wp-json\/wp\/v2\/posts\/11434\/revisions"}],"predecessor-version":[{"id":11436,"href":"https:\/\/neutrale.al\/index.php\/wp-json\/wp\/v2\/posts\/11434\/revisions\/11436"}],"wp:featuredmedia":[{"embeddable":true,"href":"https:\/\/neutrale.al\/index.php\/wp-json\/wp\/v2\/media\/11435"}],"wp:attachment":[{"href":"https:\/\/neutrale.al\/index.php\/wp-json\/wp\/v2\/media?parent=11434"}],"wp:term":[{"taxonomy":"category","embeddable":true,"href":"https:\/\/neutrale.al\/index.php\/wp-json\/wp\/v2\/categories?post=11434"},{"taxonomy":"post_tag","embeddable":true,"href":"https:\/\/neutrale.al\/index.php\/wp-json\/wp\/v2\/tags?post=11434"}],"curies":[{"name":"wp","href":"https:\/\/api.w.org\/{rel}","templated":true}]}}