{"id":11352,"date":"2022-07-26T13:09:00","date_gmt":"2022-07-26T13:09:00","guid":{"rendered":"https:\/\/neutrale.al\/?p=11352"},"modified":"2022-07-26T13:09:00","modified_gmt":"2022-07-26T13:09:00","slug":"nuk-mori-asnje-urim-nga-nderkombetaret-pergjigja-e-ilir-metes","status":"publish","type":"post","link":"https:\/\/neutrale.al\/index.php\/2022\/07\/26\/nuk-mori-asnje-urim-nga-nderkombetaret-pergjigja-e-ilir-metes\/","title":{"rendered":"Nuk mori asnj\u00eb urim nga nd\u00ebrkomb\u00ebtar\u00ebt , p\u00ebrgjigja e Ilir Met\u00ebs"},"content":{"rendered":"<p>Ilir Meta \u00ebsht\u00eb duke mbajtur nj\u00eb konferenc\u00eb nga Partia e Liris\u00eb, ku u pyt nga gaazetar\u00ebt n\u00ebse \u00ebsht\u00eb i shqet\u00ebsuar q\u00eb nuk ka marr\u00eb asnj\u00eb urim nga nd\u00ebrkomb\u00ebtar\u00ebt, pasi u vendos n\u00eb krye t\u00eb k\u00ebsaj partie.<\/p>\n<p>Meta u shpreh se shqet\u00ebsimi i tij i vet\u00ebm ishte vet\u00ebm me shqiptar\u00ebt, dhe q\u00eb drejt\u00ebsia nuk reagon p\u00ebr incenerator\u00ebt.<\/p>\n<p>\u201cNuk kam asnj\u00eb shqet\u00ebsim n\u00ebse ka apo nuk ka uri,e. P\u00ebr mua shqet\u00ebsim \u00ebsht\u00eb kur nuk ka reagime nga drejt\u00ebsia p\u00ebr afer\u00ebn e incenerator\u00ebve. Q\u00eb jan\u00eb afera me t\u00eb larta dhe q\u00eb i kam d\u00ebrguar dhe vet\u00eb k\u00ebto letra.. Nuk pres t\u00eb marr ndodnj\u00eb lloga mga nd\u00ebrkomb\u00ebtar\u00ebt. Un\u00eb e kam me shqiptar\u00ebt \u00e7do gj\u00eb\u201d tha Meta nd\u00ebr t\u00eb tjera.  <\/p>\n","protected":false},"excerpt":{"rendered":"<p>Ilir Meta \u00ebsht\u00eb duke mbajtur nj\u00eb konferenc\u00eb nga Partia e Liris\u00eb, ku u pyt nga gaazetar\u00ebt n\u00ebse \u00ebsht\u00eb i shqet\u00ebsuar q\u00eb nuk ka marr\u00eb asnj\u00eb urim nga nd\u00ebrkomb\u00ebtar\u00ebt, pasi u vendos n\u00eb krye t\u00eb k\u00ebsaj partie. Meta u shpreh se shqet\u00ebsimi i tij i vet\u00ebm ishte vet\u00ebm me shqiptar\u00ebt, dhe q\u00eb drejt\u00ebsia nuk reagon p\u00ebr [&hellip;]<\/p>\n","protected":false},"author":2,"featured_media":11353,"comment_status":"open","ping_status":"open","sticky":false,"template":"","format":"standard","meta":{"footnotes":""},"categories":[9],"tags":[27],"class_list":{"0":"post-11352","1":"post","2":"type-post","3":"status-publish","4":"format-standard","5":"has-post-thumbnail","7":"category-politika","8":"tag-lajme"},"_links":{"self":[{"href":"https:\/\/neutrale.al\/index.php\/wp-json\/wp\/v2\/posts\/11352","targetHints":{"allow":["GET"]}}],"collection":[{"href":"https:\/\/neutrale.al\/index.php\/wp-json\/wp\/v2\/posts"}],"about":[{"href":"https:\/\/neutrale.al\/index.php\/wp-json\/wp\/v2\/types\/post"}],"author":[{"embeddable":true,"href":"https:\/\/neutrale.al\/index.php\/wp-json\/wp\/v2\/users\/2"}],"replies":[{"embeddable":true,"href":"https:\/\/neutrale.al\/index.php\/wp-json\/wp\/v2\/comments?post=11352"}],"version-history":[{"count":1,"href":"https:\/\/neutrale.al\/index.php\/wp-json\/wp\/v2\/posts\/11352\/revisions"}],"predecessor-version":[{"id":11354,"href":"https:\/\/neutrale.al\/index.php\/wp-json\/wp\/v2\/posts\/11352\/revisions\/11354"}],"wp:featuredmedia":[{"embeddable":true,"href":"https:\/\/neutrale.al\/index.php\/wp-json\/wp\/v2\/media\/11353"}],"wp:attachment":[{"href":"https:\/\/neutrale.al\/index.php\/wp-json\/wp\/v2\/media?parent=11352"}],"wp:term":[{"taxonomy":"category","embeddable":true,"href":"https:\/\/neutrale.al\/index.php\/wp-json\/wp\/v2\/categories?post=11352"},{"taxonomy":"post_tag","embeddable":true,"href":"https:\/\/neutrale.al\/index.php\/wp-json\/wp\/v2\/tags?post=11352"}],"curies":[{"name":"wp","href":"https:\/\/api.w.org\/{rel}","templated":true}]}}