{"id":11334,"date":"2022-07-26T11:52:43","date_gmt":"2022-07-26T11:52:43","guid":{"rendered":"https:\/\/neutrale.al\/?p=11334"},"modified":"2022-07-26T11:52:43","modified_gmt":"2022-07-26T11:52:43","slug":"athena-minerva","status":"publish","type":"post","link":"https:\/\/neutrale.al\/index.php\/2022\/07\/26\/athena-minerva\/","title":{"rendered":"Athena &#8211; Minerva."},"content":{"rendered":"<p>Athena ishte hyjnesh\u00eb e luft\u00ebs, urt\u00ebsis\u00eb, artit, shkenc\u00ebs dhe zejtaris\u00eb. Sipas mitologjis\u00eb Romake, asaj i p\u00ebrshtatet hyjnesha MINERVA.<br \/>\nKishte lindur nga koka e Zeusit duke val\u00ebvitur shigjet\u00ebn e saj karakteristike. Edhe pse merrej si hyjnesh\u00eb e luft\u00ebs, ajo kurr\u00eb nuk \u00ebsht\u00eb treguar luftarake. P\u00ebrkundrazi, njihej si e urt\u00eb, e men\u00e7ur dhe gjithnj\u00eb e gatshme q\u00eb t\u2019i ndihmoj\u00eb trimat dhe heronjt\u00eb, sikur ishin: Perseu, Akil, Odiseu dhe shum\u00eb t\u00eb tjer\u00eb.<br \/>\nNga atributet e m\u00ebdha q\u00eb kishte, me emrin e saj em\u00ebrtohet edhe qyteti Athina, nd\u00ebrsa n\u00eb Akropol, p\u00ebr nder t\u00eb Athin\u00ebs \u00ebsht\u00eb nd\u00ebrtuar tempulli Pantenoni.<\/p>\n","protected":false},"excerpt":{"rendered":"<p>Athena ishte hyjnesh\u00eb e luft\u00ebs, urt\u00ebsis\u00eb, artit, shkenc\u00ebs dhe zejtaris\u00eb. Sipas mitologjis\u00eb Romake, asaj i p\u00ebrshtatet hyjnesha MINERVA. Kishte lindur nga koka e Zeusit duke val\u00ebvitur shigjet\u00ebn e saj karakteristike. Edhe pse merrej si hyjnesh\u00eb e luft\u00ebs, ajo kurr\u00eb nuk \u00ebsht\u00eb treguar luftarake. P\u00ebrkundrazi, njihej si e urt\u00eb, e men\u00e7ur dhe gjithnj\u00eb e gatshme q\u00eb [&hellip;]<\/p>\n","protected":false},"author":2,"featured_media":11335,"comment_status":"open","ping_status":"open","sticky":false,"template":"","format":"standard","meta":{"footnotes":""},"categories":[4],"tags":[],"class_list":{"0":"post-11334","1":"post","2":"type-post","3":"status-publish","4":"format-standard","5":"has-post-thumbnail","7":"category-kulture"},"_links":{"self":[{"href":"https:\/\/neutrale.al\/index.php\/wp-json\/wp\/v2\/posts\/11334","targetHints":{"allow":["GET"]}}],"collection":[{"href":"https:\/\/neutrale.al\/index.php\/wp-json\/wp\/v2\/posts"}],"about":[{"href":"https:\/\/neutrale.al\/index.php\/wp-json\/wp\/v2\/types\/post"}],"author":[{"embeddable":true,"href":"https:\/\/neutrale.al\/index.php\/wp-json\/wp\/v2\/users\/2"}],"replies":[{"embeddable":true,"href":"https:\/\/neutrale.al\/index.php\/wp-json\/wp\/v2\/comments?post=11334"}],"version-history":[{"count":1,"href":"https:\/\/neutrale.al\/index.php\/wp-json\/wp\/v2\/posts\/11334\/revisions"}],"predecessor-version":[{"id":11336,"href":"https:\/\/neutrale.al\/index.php\/wp-json\/wp\/v2\/posts\/11334\/revisions\/11336"}],"wp:featuredmedia":[{"embeddable":true,"href":"https:\/\/neutrale.al\/index.php\/wp-json\/wp\/v2\/media\/11335"}],"wp:attachment":[{"href":"https:\/\/neutrale.al\/index.php\/wp-json\/wp\/v2\/media?parent=11334"}],"wp:term":[{"taxonomy":"category","embeddable":true,"href":"https:\/\/neutrale.al\/index.php\/wp-json\/wp\/v2\/categories?post=11334"},{"taxonomy":"post_tag","embeddable":true,"href":"https:\/\/neutrale.al\/index.php\/wp-json\/wp\/v2\/tags?post=11334"}],"curies":[{"name":"wp","href":"https:\/\/api.w.org\/{rel}","templated":true}]}}