{"id":11311,"date":"2022-07-26T10:50:54","date_gmt":"2022-07-26T10:50:54","guid":{"rendered":"https:\/\/neutrale.al\/?p=11311"},"modified":"2022-07-26T10:50:54","modified_gmt":"2022-07-26T10:50:54","slug":"xhelal-mziu-ekonomia-shqetesimi-me-i-madh-i-shqiptareve-rekord-ne-rajon","status":"publish","type":"post","link":"https:\/\/neutrale.al\/index.php\/2022\/07\/26\/xhelal-mziu-ekonomia-shqetesimi-me-i-madh-i-shqiptareve-rekord-ne-rajon\/","title":{"rendered":"Xhelal Mziu\/Ekonomia, shqet\u00ebsimi m\u00eb i madh i shqiptar\u00ebve, rekord n\u00eb Rajon!"},"content":{"rendered":"<p>Barometri i Ballkanit, p\u00ebr vitin 2022 ka v\u00ebrejtur se, v\u00ebshtir\u00ebsit\u00eb ekonomike jan\u00eb shqet\u00ebsimi kryesor\u00eb i qytetar\u00ebve n\u00eb Rajon, n\u00eb Shqip\u00ebri ky shqet\u00ebsim \u00ebsht\u00eb m\u00eb i madhi! <\/p>\n<p>N\u00eb Shqip\u00ebri 59% e t\u00eb anketuarve, kan\u00eb renditur situat\u00ebn jo t\u00eb mir\u00eb ekonomike.<br \/>\nN\u00eb Maqedonin\u00eb e Veriut \u00ebsht\u00eb 57%.<br \/>\nN\u00eb Serbi ky tregues \u00ebsht\u00eb 46%.<br \/>\nN\u00eb Bosnje Hercegovin\u00eb \u00ebsht\u00eb 41%.<br \/>\nN\u00eb Malin e Zi \u00ebsht\u00eb 41%.<br \/>\nN\u00eb kosov\u00eb \u00ebsht\u00eb 40%. <\/p>\n<p>Shqip\u00ebria vuan\u00eb nga mungesa e produktivitetit n\u00eb ekonomi, q\u00eb \u00ebsht\u00eb b\u00ebr\u00eb shkak p\u00ebr pagesa t\u00eb ul\u00ebta, por dhe taksat m\u00eb t\u00eb lartat n\u00eb Rajon dhe Europ\u00eb! <\/p>\n<p>Papun\u00ebsia \u00ebsht\u00eb shqet\u00ebsimi i dyt\u00eb m\u00eb i madh n\u00eb aspektin ekonomik n\u00eb vendet e Rajonit. <\/p>\n<p>N\u00eb Shqip\u00ebri e konsiderojn\u00eb si problemin e tret\u00eb me t\u00eb r\u00ebnd\u00ebsish\u00ebm emigracionin dhe sidomos ikjen e trurit. <\/p>\n<p>N\u00eb Shqip\u00ebri 29 % e qytetar\u00ebve mendojn\u00eb se, emigracioni \u00ebsht\u00eb shqet\u00ebsues p\u00ebr perspektiv\u00ebn ekonomike t\u00eb vendit. <\/p>\n<p>Zhvillimi ekonomik, korrupsioni, papun\u00ebsia dhe emigracioni mbeten pengesat m\u00eb urgjente n\u00eb rajon! <\/p>\n<p>Situata ekonomike n\u00eb rajon, konsiderohet sfida m\u00eb e madhe nga 47% e t\u00eb anketuarve n\u00eb Ballkanin Per\u00ebndimor. <\/p>\n<p>Papun\u00ebsia \u00ebsht\u00eb m\u00eb e d\u00ebmshme p\u00ebr ekonomin\u00eb, sipas 39% t\u00eb te anketuarve. <\/p>\n<p>Korrupsioni renditet s\u00ebrish i treti me 27%. <\/p>\n<p>Besimi n\u00eb p\u00ebrfitimet socio-ekonomike t\u00eb an\u00ebtar\u00ebsimit n\u00eb BE \u00ebsht\u00eb mbizot\u00ebrues n\u00eb rajon, me 60% q\u00eb e miratojn\u00eb pranimin. <\/p>\n<p>N\u00eb Shqip\u00ebri, niveli m\u00eb i ul\u00ebt ekonomik i familjeve, korrupsioni, taksat e larta, emigracioni masiv rekord n\u00eb bot\u00eb, papun\u00ebsia, niveli pag\u00ebs m\u00eb i ul\u00ebti n\u00eb Europ\u00eb dhe mungesa e tregut t\u00eb lir\u00eb p\u00ebr shkak t\u00eb monopoleve, e ka zhytur Shqip\u00ebrin\u00eb n\u00eb thell\u00ebsin\u00eb e batakut, Qeveria e Rilindjes!<\/p>\n<p><img loading=\"lazy\" loading=\"lazy\" decoding=\"async\" src=\"https:\/\/neutrale.al\/wp-content\/uploads\/2022\/07\/350B939D-5499-4CFE-B550-A1C59A770EA2-300x200.jpeg\" alt=\"\" width=\"300\" height=\"200\" class=\"alignnone size-medium wp-image-11312\" srcset=\"https:\/\/neutrale.al\/wp-content\/uploads\/2022\/07\/350B939D-5499-4CFE-B550-A1C59A770EA2-300x200.jpeg 300w, https:\/\/neutrale.al\/wp-content\/uploads\/2022\/07\/350B939D-5499-4CFE-B550-A1C59A770EA2-330x220.jpeg 330w, https:\/\/neutrale.al\/wp-content\/uploads\/2022\/07\/350B939D-5499-4CFE-B550-A1C59A770EA2-420x280.jpeg 420w, https:\/\/neutrale.al\/wp-content\/uploads\/2022\/07\/350B939D-5499-4CFE-B550-A1C59A770EA2-615x410.jpeg 615w, https:\/\/neutrale.al\/wp-content\/uploads\/2022\/07\/350B939D-5499-4CFE-B550-A1C59A770EA2.jpeg 650w\" sizes=\"auto, (max-width: 300px) 100vw, 300px\" \/><\/p>\n","protected":false},"excerpt":{"rendered":"<p>Barometri i Ballkanit, p\u00ebr vitin 2022 ka v\u00ebrejtur se, v\u00ebshtir\u00ebsit\u00eb ekonomike jan\u00eb shqet\u00ebsimi kryesor\u00eb i qytetar\u00ebve n\u00eb Rajon, n\u00eb Shqip\u00ebri ky shqet\u00ebsim \u00ebsht\u00eb m\u00eb i madhi! N\u00eb Shqip\u00ebri 59% e t\u00eb anketuarve, kan\u00eb renditur situat\u00ebn jo t\u00eb mir\u00eb ekonomike. N\u00eb Maqedonin\u00eb e Veriut \u00ebsht\u00eb 57%. N\u00eb Serbi ky tregues \u00ebsht\u00eb 46%. N\u00eb Bosnje Hercegovin\u00eb \u00ebsht\u00eb [&hellip;]<\/p>\n","protected":false},"author":2,"featured_media":11313,"comment_status":"open","ping_status":"open","sticky":false,"template":"","format":"standard","meta":{"footnotes":""},"categories":[2,9],"tags":[27],"class_list":{"0":"post-11311","1":"post","2":"type-post","3":"status-publish","4":"format-standard","5":"has-post-thumbnail","7":"category-opinione","8":"category-politika","9":"tag-lajme"},"_links":{"self":[{"href":"https:\/\/neutrale.al\/index.php\/wp-json\/wp\/v2\/posts\/11311","targetHints":{"allow":["GET"]}}],"collection":[{"href":"https:\/\/neutrale.al\/index.php\/wp-json\/wp\/v2\/posts"}],"about":[{"href":"https:\/\/neutrale.al\/index.php\/wp-json\/wp\/v2\/types\/post"}],"author":[{"embeddable":true,"href":"https:\/\/neutrale.al\/index.php\/wp-json\/wp\/v2\/users\/2"}],"replies":[{"embeddable":true,"href":"https:\/\/neutrale.al\/index.php\/wp-json\/wp\/v2\/comments?post=11311"}],"version-history":[{"count":1,"href":"https:\/\/neutrale.al\/index.php\/wp-json\/wp\/v2\/posts\/11311\/revisions"}],"predecessor-version":[{"id":11314,"href":"https:\/\/neutrale.al\/index.php\/wp-json\/wp\/v2\/posts\/11311\/revisions\/11314"}],"wp:featuredmedia":[{"embeddable":true,"href":"https:\/\/neutrale.al\/index.php\/wp-json\/wp\/v2\/media\/11313"}],"wp:attachment":[{"href":"https:\/\/neutrale.al\/index.php\/wp-json\/wp\/v2\/media?parent=11311"}],"wp:term":[{"taxonomy":"category","embeddable":true,"href":"https:\/\/neutrale.al\/index.php\/wp-json\/wp\/v2\/categories?post=11311"},{"taxonomy":"post_tag","embeddable":true,"href":"https:\/\/neutrale.al\/index.php\/wp-json\/wp\/v2\/tags?post=11311"}],"curies":[{"name":"wp","href":"https:\/\/api.w.org\/{rel}","templated":true}]}}