{"id":11213,"date":"2022-07-25T19:09:09","date_gmt":"2022-07-25T19:09:09","guid":{"rendered":"https:\/\/neutrale.al\/?p=11213"},"modified":"2022-07-25T19:09:09","modified_gmt":"2022-07-25T19:09:09","slug":"lsi-ndryshon-emrin-ne-partia-e-lirise-ilir-meta-mer-drejtimin","status":"publish","type":"post","link":"https:\/\/neutrale.al\/index.php\/2022\/07\/25\/lsi-ndryshon-emrin-ne-partia-e-lirise-ilir-meta-mer-drejtimin\/","title":{"rendered":"LSI ndryshon emrin n\u00eb Partia e Liris\u00eb, Ilir Meta mer drejtimin!"},"content":{"rendered":"<p>&#8220;Konventa e LSI ka vendosur p\u00ebr ndryshimin e emrit t\u00eb partis\u00eb nga L\u00ebvizja Socialiste p\u00ebr Integrim n\u00eb Partia e Liris\u00eb .<br \/>\nI propozoj gjithashtu Konvent\u00ebs Komb\u00ebtare, pas paraqitjes edhe t\u00eb dor\u00ebheqjes t\u00eb Kryetares s\u00eb LSI, Monika Kryemadhi si dhe n\u00eb kushtet ku t\u00eb gjitha strukturat e tjera drejtuese jan\u00eb me mandat t\u00eb p\u00ebrfunduar, krijimin e Komitetit Organizator, me k\u00ebto detyra: <\/p>\n<p>Komiteti Organizator, ngarkohet nga Konventa Komb\u00ebtare, p\u00ebr drejtimin e partis\u00eb dhe p\u00ebrfaq\u00ebsimit t\u00eb saj n\u00eb t\u00eb gjitha nivelet. <\/p>\n<p>Komiteti Organizator do t\u00eb drejtoj\u00eb veprimtarin\u00eb e partis\u00eb p\u00ebr p\u00ebrgatitjen e Konvent\u00ebs Komb\u00ebtare, q\u00eb do t\u00eb mbahet brenda dy muajve. <\/p>\n<p>Drejtuesi i Komitetit Organizator t\u00eb jet\u00eb zoti Ilir Meta dhe z\u00ebvend\u00ebs Kryetar t\u00eb jet\u00eb zoti Agim Nesho\u201d,- k\u00ebt\u00eb njoftim e ka b\u00ebr\u00eb Endrit Braimllari.<\/p>\n","protected":false},"excerpt":{"rendered":"<p>&#8220;Konventa e LSI ka vendosur p\u00ebr ndryshimin e emrit t\u00eb partis\u00eb nga L\u00ebvizja Socialiste p\u00ebr Integrim n\u00eb Partia e Liris\u00eb . I propozoj gjithashtu Konvent\u00ebs Komb\u00ebtare, pas paraqitjes edhe t\u00eb dor\u00ebheqjes t\u00eb Kryetares s\u00eb LSI, Monika Kryemadhi si dhe n\u00eb kushtet ku t\u00eb gjitha strukturat e tjera drejtuese jan\u00eb me mandat t\u00eb p\u00ebrfunduar, krijimin e [&hellip;]<\/p>\n","protected":false},"author":2,"featured_media":11214,"comment_status":"open","ping_status":"open","sticky":false,"template":"","format":"standard","meta":{"footnotes":""},"categories":[118,9],"tags":[],"class_list":{"0":"post-11213","1":"post","2":"type-post","3":"status-publish","4":"format-standard","5":"has-post-thumbnail","7":"category-kryesore","8":"category-politika"},"_links":{"self":[{"href":"https:\/\/neutrale.al\/index.php\/wp-json\/wp\/v2\/posts\/11213","targetHints":{"allow":["GET"]}}],"collection":[{"href":"https:\/\/neutrale.al\/index.php\/wp-json\/wp\/v2\/posts"}],"about":[{"href":"https:\/\/neutrale.al\/index.php\/wp-json\/wp\/v2\/types\/post"}],"author":[{"embeddable":true,"href":"https:\/\/neutrale.al\/index.php\/wp-json\/wp\/v2\/users\/2"}],"replies":[{"embeddable":true,"href":"https:\/\/neutrale.al\/index.php\/wp-json\/wp\/v2\/comments?post=11213"}],"version-history":[{"count":1,"href":"https:\/\/neutrale.al\/index.php\/wp-json\/wp\/v2\/posts\/11213\/revisions"}],"predecessor-version":[{"id":11215,"href":"https:\/\/neutrale.al\/index.php\/wp-json\/wp\/v2\/posts\/11213\/revisions\/11215"}],"wp:featuredmedia":[{"embeddable":true,"href":"https:\/\/neutrale.al\/index.php\/wp-json\/wp\/v2\/media\/11214"}],"wp:attachment":[{"href":"https:\/\/neutrale.al\/index.php\/wp-json\/wp\/v2\/media?parent=11213"}],"wp:term":[{"taxonomy":"category","embeddable":true,"href":"https:\/\/neutrale.al\/index.php\/wp-json\/wp\/v2\/categories?post=11213"},{"taxonomy":"post_tag","embeddable":true,"href":"https:\/\/neutrale.al\/index.php\/wp-json\/wp\/v2\/tags?post=11213"}],"curies":[{"name":"wp","href":"https:\/\/api.w.org\/{rel}","templated":true}]}}