{"id":10800,"date":"2022-07-23T10:47:47","date_gmt":"2022-07-23T10:47:47","guid":{"rendered":"https:\/\/neutrale.al\/?p=10800"},"modified":"2022-07-23T10:47:47","modified_gmt":"2022-07-23T10:47:47","slug":"korce-digjet-makina-zjarri-i-qellimshem","status":"publish","type":"post","link":"https:\/\/neutrale.al\/index.php\/2022\/07\/23\/korce-digjet-makina-zjarri-i-qellimshem\/","title":{"rendered":"Kor\u00e7\u00eb\/ Digjet makina, zjarri i q\u00ebllimsh\u00ebm."},"content":{"rendered":"<p>Nj\u00eb makin\u00eb tip Smart \u00ebsht\u00eb djegur plot\u00ebsisht midis mbr\u00ebmjes s\u00eb djeshme dhe dit\u00ebs s\u00eb sotme n\u00eb qytetin e Kor\u00e7\u00ebs. Ngjarja ka ndodhur n\u00eb lagjen nr.10, mbas mesnate <\/p>\n<p>Policia dyshon p\u00ebr zjarr\u00ebv\u00ebnie t\u00eb q\u00ebllimshme dhe ka nisur hetimet p\u00ebr zbulimin e kapjen e autor\u00ebve. <\/p>\n<p>Makina tip \u201cSmart\u201d \u00ebsht\u00eb n\u00eb pron\u00ebsi t\u00eb shtetases me iniciale L.Z., 34 vje\u00e7e. <\/p>\n<p>Njoftimi i policis\u00eb: <\/p>\n<p>M\u00eb dat\u00eb 23.07.2022, rreth or\u00ebs 01:30, n\u00eb lagjen nr. 10, Kor\u00e7\u00eb, ka r\u00ebn\u00eb zjarr dhe \u00ebsht\u00eb djegur plot\u00ebsisht automjeti tip \u201cSmart\u201d n\u00eb pron\u00ebsi t\u00eb shtetases L. Z., 34 vje\u00e7e, banuese n\u00eb Kor\u00e7\u00eb, i parkuar n\u00eb af\u00ebrsi t\u00eb banes\u00ebs s\u00eb saj. Nga hetimet e kryera, dyshohet se zjarri mund t\u00eb jet\u00eb v\u00ebn\u00eb q\u00ebllimisht. Nga ana e Policis\u00eb po punohet p\u00ebr identifikimin dhe kapjen e autorit\/\u00ebve si edhe zbardhjen e rrethanave t\u00eb ngjarjes. <\/p>\n<p>Materialet i kaluan Prokuroris\u00eb pran\u00eb Gjykat\u00ebs s\u00eb Shkall\u00ebs s\u00eb Par\u00eb Kor\u00e7\u00eb, p\u00ebr veprime t\u00eb m\u00ebtejshme.<\/p>\n","protected":false},"excerpt":{"rendered":"<p>Nj\u00eb makin\u00eb tip Smart \u00ebsht\u00eb djegur plot\u00ebsisht midis mbr\u00ebmjes s\u00eb djeshme dhe dit\u00ebs s\u00eb sotme n\u00eb qytetin e Kor\u00e7\u00ebs. Ngjarja ka ndodhur n\u00eb lagjen nr.10, mbas mesnate Policia dyshon p\u00ebr zjarr\u00ebv\u00ebnie t\u00eb q\u00ebllimshme dhe ka nisur hetimet p\u00ebr zbulimin e kapjen e autor\u00ebve. Makina tip \u201cSmart\u201d \u00ebsht\u00eb n\u00eb pron\u00ebsi t\u00eb shtetases me iniciale L.Z., 34 [&hellip;]<\/p>\n","protected":false},"author":2,"featured_media":10801,"comment_status":"open","ping_status":"open","sticky":false,"template":"","format":"standard","meta":{"footnotes":""},"categories":[117],"tags":[27],"class_list":{"0":"post-10800","1":"post","2":"type-post","3":"status-publish","4":"format-standard","5":"has-post-thumbnail","7":"category-aktualitet","8":"tag-lajme"},"_links":{"self":[{"href":"https:\/\/neutrale.al\/index.php\/wp-json\/wp\/v2\/posts\/10800","targetHints":{"allow":["GET"]}}],"collection":[{"href":"https:\/\/neutrale.al\/index.php\/wp-json\/wp\/v2\/posts"}],"about":[{"href":"https:\/\/neutrale.al\/index.php\/wp-json\/wp\/v2\/types\/post"}],"author":[{"embeddable":true,"href":"https:\/\/neutrale.al\/index.php\/wp-json\/wp\/v2\/users\/2"}],"replies":[{"embeddable":true,"href":"https:\/\/neutrale.al\/index.php\/wp-json\/wp\/v2\/comments?post=10800"}],"version-history":[{"count":1,"href":"https:\/\/neutrale.al\/index.php\/wp-json\/wp\/v2\/posts\/10800\/revisions"}],"predecessor-version":[{"id":10802,"href":"https:\/\/neutrale.al\/index.php\/wp-json\/wp\/v2\/posts\/10800\/revisions\/10802"}],"wp:featuredmedia":[{"embeddable":true,"href":"https:\/\/neutrale.al\/index.php\/wp-json\/wp\/v2\/media\/10801"}],"wp:attachment":[{"href":"https:\/\/neutrale.al\/index.php\/wp-json\/wp\/v2\/media?parent=10800"}],"wp:term":[{"taxonomy":"category","embeddable":true,"href":"https:\/\/neutrale.al\/index.php\/wp-json\/wp\/v2\/categories?post=10800"},{"taxonomy":"post_tag","embeddable":true,"href":"https:\/\/neutrale.al\/index.php\/wp-json\/wp\/v2\/tags?post=10800"}],"curies":[{"name":"wp","href":"https:\/\/api.w.org\/{rel}","templated":true}]}}