{"id":10771,"date":"2022-07-23T09:07:32","date_gmt":"2022-07-23T09:07:32","guid":{"rendered":"https:\/\/neutrale.al\/?p=10771"},"modified":"2022-07-23T09:07:32","modified_gmt":"2022-07-23T09:07:32","slug":"ministrja-e-shendetesise-merrni-dozen-perforcuese-te-vaksines","status":"publish","type":"post","link":"https:\/\/neutrale.al\/index.php\/2022\/07\/23\/ministrja-e-shendetesise-merrni-dozen-perforcuese-te-vaksines\/","title":{"rendered":"Ministrja e Sh\u00ebndet\u00ebsis\u00eb:\u00a0 Merrni doz\u00ebn p\u00ebrforcuese t\u00eb vaksin\u00ebs"},"content":{"rendered":"<p>Ministrja e Sh\u00ebndet\u00ebsis\u00eb, Ogerta Manastirliu, ka qen\u00eb n\u00eb Pogradec dhe nga qendra sh\u00ebndet\u00ebsore verore e k\u00ebtij qyteti, ajo u ka b\u00ebr\u00eb apel t\u00eb gjith\u00eb qytetar\u00ebve, por sidomos t\u00eb moshuarve dhe ata q\u00eb kan\u00eb s\u00ebmundje kronike, q\u00eb t\u00eb kryejn\u00eb doz\u00ebn p\u00ebrforcuese t\u00eb vaksin\u00ebs. <\/p>\n<p>\u201cJemi n\u00eb nj\u00eb situat\u00eb q\u00eb kemi nj\u00eb rritje t\u00eb rasteve pozitive. Jemi mbi 9 mij\u00eb qytetar\u00eb aktiv\u00eb, pra q\u00eb do t\u00eb thot\u00eb q\u00eb kan\u00eb simptoma t\u00eb virusit dhe numri n\u00eb spital \u00ebsht\u00eb rreth 30 pacient\u00eb t\u00eb shtruar. Kjo do t\u00eb thot\u00eb q\u00eb kemi edhe nj\u00eb rritje t\u00eb simptomave, t\u00eb cilat m\u00eb pas \u00e7ojn\u00eb edhe n\u00eb agravimin e situat\u00ebs sh\u00ebndet\u00ebsore, duke k\u00ebrkuar hospitalizim. \u00cbsht\u00eb shum\u00eb e r\u00ebnd\u00ebsishme sidomos n\u00eb momentin q\u00eb jemi duke kaluar por edhe p\u00ebr t\u00eb pararendur \u00e7far\u00eb mund t\u00eb vij\u00eb n\u00eb nj\u00eb periudh\u00eb t\u00eb shpejt\u00eb, n\u00eb vjesht\u00eb, duke qen\u00eb se priten dhe sub variante t\u00eb reja, t\u00eb cilat mund t\u00eb \u00e7ojn\u00eb s\u00ebrish nj\u00eb rritje t\u00eb infeksionit t\u00eb covid- t\u00eb vijojm\u00eb vaksinimin me intensitet. \u00cbsht\u00eb e r\u00ebnd\u00ebsishme sidomos p\u00ebr ata t\u00eb cil\u00ebt kan\u00eb s\u00ebmundje bashk\u00ebshoq\u00ebruese, p\u00ebr moshat e treta, p\u00ebr t\u00eb b\u00ebr\u00eb doz\u00ebn e tret\u00eb, doz\u00ebn e kat\u00ebrt t\u00eb vaksin\u00ebs, si nj\u00eb doz\u00eb p\u00ebrforcuese q\u00eb rrit kujtes\u00ebn imunitare. Dhe kjo besoj q\u00eb \u00ebsht\u00eb n\u00eb momentin e duhur\u201d,\u00a0tha Manastirliu. <\/p>\n<p>Gjat\u00eb vizit\u00ebs n\u00eb qendr\u00ebn sh\u00ebndet\u00ebsore verore n\u00eb qytetin e Pogradecit, Ministrja Manastirliu b\u00ebri me dije se pushuesit kan\u00eb p\u00ebrfituar rreth 15 mij\u00eb sh\u00ebrbime t\u00eb kujdesit sh\u00ebndet\u00ebsor n\u00eb 29 qendrat sh\u00ebndet\u00ebsore verore n\u00eb t\u00eb gjith\u00eb vendin. <\/p>\n<p>\u201cJan\u00eb m\u00eb shum\u00eb se 1 mij\u00eb pushues, t\u00eb cil\u00ebt kan\u00eb marr\u00eb sh\u00ebrbime n\u00eb k\u00ebt\u00eb qend\u00ebr verore n\u00eb Pogradec p\u00ebrgjat\u00eb periudh\u00ebs 15 qershor deri m\u00eb sot. Nd\u00ebrkoh\u00eb q\u00eb n\u00eb t\u00eb gjith\u00eb vendin, n\u00eb 29 qendrat sh\u00ebndet\u00ebsore verore nga veriu n\u00eb jug, ne kemi ofruar m\u00eb shum\u00eb se 15 mij\u00eb sh\u00ebrbime t\u00eb kujdesit sh\u00ebndet\u00ebsor p\u00ebr pushuesit dhe turist\u00ebt, nga t\u00eb cil\u00ebt, kat\u00ebr mij\u00eb jan\u00eb turist\u00eb t\u00eb huaj q\u00eb kan\u00eb marr\u00eb sh\u00ebrbime n\u00eb k\u00ebto qendra\u201d, tha Manastirliu. <\/p>\n<p>Jan\u00eb 29 qendra sh\u00ebndet\u00ebsore verore me sh\u00ebrbim 24 or\u00eb n\u00eb 7 dit\u00eb t\u00eb jav\u00ebs, t\u00eb hapura n\u00eb t\u00eb gjith\u00eb vendin, nga veriu n\u00eb jug, nga zonat turistike malore dhe n\u00eb bregdet p\u00ebrgjat\u00eb sezonit turistik veror gjat\u00eb periudh\u00ebs 15 Qershor\u201315 Shtator.<\/p>\n","protected":false},"excerpt":{"rendered":"<p>Ministrja e Sh\u00ebndet\u00ebsis\u00eb, Ogerta Manastirliu, ka qen\u00eb n\u00eb Pogradec dhe nga qendra sh\u00ebndet\u00ebsore verore e k\u00ebtij qyteti, ajo u ka b\u00ebr\u00eb apel t\u00eb gjith\u00eb qytetar\u00ebve, por sidomos t\u00eb moshuarve dhe ata q\u00eb kan\u00eb s\u00ebmundje kronike, q\u00eb t\u00eb kryejn\u00eb doz\u00ebn p\u00ebrforcuese t\u00eb vaksin\u00ebs. \u201cJemi n\u00eb nj\u00eb situat\u00eb q\u00eb kemi nj\u00eb rritje t\u00eb rasteve pozitive. Jemi mbi [&hellip;]<\/p>\n","protected":false},"author":2,"featured_media":10772,"comment_status":"open","ping_status":"open","sticky":false,"template":"","format":"standard","meta":{"footnotes":""},"categories":[118],"tags":[],"class_list":{"0":"post-10771","1":"post","2":"type-post","3":"status-publish","4":"format-standard","5":"has-post-thumbnail","7":"category-kryesore"},"_links":{"self":[{"href":"https:\/\/neutrale.al\/index.php\/wp-json\/wp\/v2\/posts\/10771","targetHints":{"allow":["GET"]}}],"collection":[{"href":"https:\/\/neutrale.al\/index.php\/wp-json\/wp\/v2\/posts"}],"about":[{"href":"https:\/\/neutrale.al\/index.php\/wp-json\/wp\/v2\/types\/post"}],"author":[{"embeddable":true,"href":"https:\/\/neutrale.al\/index.php\/wp-json\/wp\/v2\/users\/2"}],"replies":[{"embeddable":true,"href":"https:\/\/neutrale.al\/index.php\/wp-json\/wp\/v2\/comments?post=10771"}],"version-history":[{"count":1,"href":"https:\/\/neutrale.al\/index.php\/wp-json\/wp\/v2\/posts\/10771\/revisions"}],"predecessor-version":[{"id":10773,"href":"https:\/\/neutrale.al\/index.php\/wp-json\/wp\/v2\/posts\/10771\/revisions\/10773"}],"wp:featuredmedia":[{"embeddable":true,"href":"https:\/\/neutrale.al\/index.php\/wp-json\/wp\/v2\/media\/10772"}],"wp:attachment":[{"href":"https:\/\/neutrale.al\/index.php\/wp-json\/wp\/v2\/media?parent=10771"}],"wp:term":[{"taxonomy":"category","embeddable":true,"href":"https:\/\/neutrale.al\/index.php\/wp-json\/wp\/v2\/categories?post=10771"},{"taxonomy":"post_tag","embeddable":true,"href":"https:\/\/neutrale.al\/index.php\/wp-json\/wp\/v2\/tags?post=10771"}],"curies":[{"name":"wp","href":"https:\/\/api.w.org\/{rel}","templated":true}]}}