{"id":10562,"date":"2022-07-22T08:39:34","date_gmt":"2022-07-22T08:39:34","guid":{"rendered":"https:\/\/neutrale.al\/?p=10562"},"modified":"2022-07-22T08:39:34","modified_gmt":"2022-07-22T08:39:34","slug":"elbasan-spak-nje-gjyqtare-dhe-avokati-ne-pranga-te-tjere","status":"publish","type":"post","link":"https:\/\/neutrale.al\/index.php\/2022\/07\/22\/elbasan-spak-nje-gjyqtare-dhe-avokati-ne-pranga-te-tjere\/","title":{"rendered":"Elbasan\/SPAK, nj\u00eb gjyqtare dhe avokati n\u00eb pranga, t\u00eb tjer\u00eb&#8230;"},"content":{"rendered":"<p>Gjyqtarja Zamira Vyshka \u00ebsht\u00eb vendosur n\u00eb arrest sht\u00ebpie pasi akuzohet p\u00ebr ryshfet dhe korrupsion.<br \/>\nVyshkja \u00ebsht\u00eb ndaluar, mbasi familjar\u00eb t\u00eb nj\u00eb personi t\u00eb arrestuar, n\u00eb bashk\u00ebpunim me avokatin mbrojt\u00ebs, i kan\u00eb ofruar nj\u00eb shum\u00eb monetare me q\u00ebllim favorizim\u00a0 n\u00eb caktimin e mas\u00ebs s\u00eb d\u00ebnimit. <\/p>\n<p>Gjithashtu \u00ebsht\u00eb arrestuar avokati me inicialet I. P., si dhe T.R. dhe Xh.M t\u00eb p\u00ebrfshir\u00eb n\u00eb k\u00ebt\u00eb rast korrupsioni. Nd\u00ebrsa \u00ebsht\u00eb ekzekutuar masa e sigurimit \u201cArrest n\u00eb sht\u00ebpi\u201d, p\u00ebr shtetasin A.T. <\/p>\n<p>P\u00ebr gjyqtaren dhe avokatin r\u00ebndojn\u00eb akuzat \u00a0Korrupsion, moskall\u00ebzim i krimit. <\/p>\n<p>Njoftimi:<br \/>\n\u201cProkuroria e Posa\u00e7me kund\u00ebr Korrupsionit dhe Krimit t\u00eb Organizuar, ka kryer hetime n\u00eb kuad\u00ebr t\u00eb procedimit penal nr.209 t\u00eb vitit 2021, p\u00ebr veprat penale \u201cKorrupsioni aktiv i gjyqtarit, prokurorit dhe funksionar\u00ebve t\u00eb tjer\u00eb t\u00eb drejt\u00ebsis\u00eb\u201d, n\u00eb bashk\u00ebpunim, parashikuar nga nenet 319 dhe 25 t\u00eb Kodit Penal, \u201cKorrupsionit pasiv i gjyqtarit, prokurorit dhe funksionar\u00ebve t\u00eb tjer\u00eb t\u00eb drejt\u00ebsis\u00eb\u201d, parashikuar nga nenet 319\/\u00e7 t\u00eb Kodit Penal, si dhe \u201cMoskall\u00ebzimi i krimit\u201d, parashikuar nga neni 300 i Kodit Penal. Fakti penal i hetuar, lidhet me nj\u00eb rast t\u00eb korrupsionit aktiv\/pasiv n\u00eb sistemin e drejt\u00ebsis\u00eb (n\u00eb qytetin e Elbasanit), ku persona t\u00eb interesuar\/familjar\u00eb t\u00eb nj\u00eb shtetasi t\u00eb arrestuar n\u00eb bashk\u00ebpunim me avokatin mbrojt\u00ebs, i kan\u00eb ofruar gjyqtarit t\u00eb \u00e7\u00ebshtjes nj\u00eb shum\u00eb monetare me q\u00ebllim favorizim\u00a0 n\u00eb caktimin e mas\u00ebs s\u00eb d\u00ebnimit. <\/p>\n<p>Pas analizimit t\u00eb provave t\u00eb grumbulluara n\u00eb kuad\u00ebr t\u00eb k\u00ebtij procedimi penal nga Prokuroria e Posa\u00e7me, i \u00ebsht\u00eb drejtuar Gjykat\u00ebs s\u00eb Posa\u00e7me t\u00eb Shkall\u00ebs s\u00eb Par\u00eb p\u00ebr Korrupsionin dhe Krimin e Organizuar k\u00ebrkesa p\u00ebr caktimin e masave t\u00eb sigurimit. Gjykata me vendimin nr. 64 dat\u00eb 21.07.2022 ka vendosur caktimin e masave t\u00eb sigurimit personal p\u00ebr 5 (pes\u00eb) shtetas. <\/p>\n<p>M\u00eb dat\u00eb 22.07.2022 nga ana e Drejtoris\u00eb s\u00eb P\u00ebrgjithshme t\u00eb Policis\u00eb s\u00eb Shtetit \u00ebsht\u00eb b\u00ebr\u00eb ekzekutimi i vendimit t\u00eb Gjykat\u00ebs nr.64 dat\u00eb 21.07.2022, p\u00ebr caktimin e masave t\u00eb sigurimit. <\/p>\n<p>\u00cbsht\u00eb ekzekutuar masa e sigurimit \u201cArrest n\u00eb sht\u00ebpi\u201d, parashikuar nga neni 237 i Kodit Procedur\u00ebs Penale p\u00ebr shtetasen Z. V., me detyr\u00eb gjyqtare n\u00eb Gjykat\u00ebn e Rrethit Gjyq\u00ebsor, Elbasan. <\/p>\n<p>Jan\u00eb ekzekutuar masat e sigurimit \u201cArrest n\u00eb burg\u201d, parashikuar nga neni 238 i Kodit Procedur\u00ebs Penale, p\u00ebr shtetasin I. P., me detyr\u00eb avokat mbrojt\u00ebs, si dhe p\u00ebr shtetasit T.R. dhe Xh.M. <\/p>\n<p>\u00cbsht\u00eb ekzekutuar masa e sigurimit \u201cArrest n\u00eb sht\u00ebpi\u201d, parashikuar nga neni 237 i Kodit Procedur\u00ebs Penale edhe p\u00ebr shtetasin A.T\u201d,-njofton SPAK.<\/p>\n","protected":false},"excerpt":{"rendered":"<p>Gjyqtarja Zamira Vyshka \u00ebsht\u00eb vendosur n\u00eb arrest sht\u00ebpie pasi akuzohet p\u00ebr ryshfet dhe korrupsion. Vyshkja \u00ebsht\u00eb ndaluar, mbasi familjar\u00eb t\u00eb nj\u00eb personi t\u00eb arrestuar, n\u00eb bashk\u00ebpunim me avokatin mbrojt\u00ebs, i kan\u00eb ofruar nj\u00eb shum\u00eb monetare me q\u00ebllim favorizim\u00a0 n\u00eb caktimin e mas\u00ebs s\u00eb d\u00ebnimit. Gjithashtu \u00ebsht\u00eb arrestuar avokati me inicialet I. P., si dhe T.R. [&hellip;]<\/p>\n","protected":false},"author":2,"featured_media":10563,"comment_status":"open","ping_status":"open","sticky":false,"template":"","format":"standard","meta":{"footnotes":""},"categories":[117,118],"tags":[],"class_list":{"0":"post-10562","1":"post","2":"type-post","3":"status-publish","4":"format-standard","5":"has-post-thumbnail","7":"category-aktualitet","8":"category-kryesore"},"_links":{"self":[{"href":"https:\/\/neutrale.al\/index.php\/wp-json\/wp\/v2\/posts\/10562","targetHints":{"allow":["GET"]}}],"collection":[{"href":"https:\/\/neutrale.al\/index.php\/wp-json\/wp\/v2\/posts"}],"about":[{"href":"https:\/\/neutrale.al\/index.php\/wp-json\/wp\/v2\/types\/post"}],"author":[{"embeddable":true,"href":"https:\/\/neutrale.al\/index.php\/wp-json\/wp\/v2\/users\/2"}],"replies":[{"embeddable":true,"href":"https:\/\/neutrale.al\/index.php\/wp-json\/wp\/v2\/comments?post=10562"}],"version-history":[{"count":1,"href":"https:\/\/neutrale.al\/index.php\/wp-json\/wp\/v2\/posts\/10562\/revisions"}],"predecessor-version":[{"id":10564,"href":"https:\/\/neutrale.al\/index.php\/wp-json\/wp\/v2\/posts\/10562\/revisions\/10564"}],"wp:featuredmedia":[{"embeddable":true,"href":"https:\/\/neutrale.al\/index.php\/wp-json\/wp\/v2\/media\/10563"}],"wp:attachment":[{"href":"https:\/\/neutrale.al\/index.php\/wp-json\/wp\/v2\/media?parent=10562"}],"wp:term":[{"taxonomy":"category","embeddable":true,"href":"https:\/\/neutrale.al\/index.php\/wp-json\/wp\/v2\/categories?post=10562"},{"taxonomy":"post_tag","embeddable":true,"href":"https:\/\/neutrale.al\/index.php\/wp-json\/wp\/v2\/tags?post=10562"}],"curies":[{"name":"wp","href":"https:\/\/api.w.org\/{rel}","templated":true}]}}