{"id":10410,"date":"2022-07-21T14:45:59","date_gmt":"2022-07-21T14:45:59","guid":{"rendered":"https:\/\/neutrale.al\/?p=10410"},"modified":"2022-07-21T14:45:59","modified_gmt":"2022-07-21T14:45:59","slug":"i-dyshuar-per-trafikim-njerezish-kryebashkiaku-i-divjakes-akuzon-gazment-bardhin-po-me-shantazhon-se-po-i-verifikoj-resortin","status":"publish","type":"post","link":"https:\/\/neutrale.al\/index.php\/2022\/07\/21\/i-dyshuar-per-trafikim-njerezish-kryebashkiaku-i-divjakes-akuzon-gazment-bardhin-po-me-shantazhon-se-po-i-verifikoj-resortin\/","title":{"rendered":"I dyshuar p\u00ebr trafikim njer\u00ebzish , kryebashkiaku i Divjakes akuzon Gazment Bardhin : Po m\u00eb shantazhon se po i verifikoj resortin!"},"content":{"rendered":"<p>Kryebashkiaku i Divjak\u00ebs, Fredi Kokoneshi, ka reaguar s\u00ebrish lidhur me akuzat e deputet\u00ebve t\u00eb Partis\u00eb Demokratike, t\u00eb cil\u00ebt i k\u00ebrkuan Prokuroris\u00eb \u00ebs\u00eb P\u00ebrgjithshme ta hetojn\u00eb pasi sipas tyre rezulton t\u00eb jet\u00eb i p\u00ebrfshir\u00eb n\u00eb prostitucion.<\/p>\n<p>Kokoneshi thot\u00eb se k\u00ebto jan\u00eb akuza t\u00eb p\u00ebrs\u00ebritura t\u00eb vitit 2018, duke shtuar s\u00eb n\u00eb nj\u00eb vendim t\u00eb prokuroris\u00eb n\u00eb vitin 2019 ai rezulton t\u00eb jet\u00eb i past\u00ebr.<\/p>\n<p>Kryebashkiaku ka akuzuar deputetin demokrat, Gazment Bardhin, se po e shantazhon, pasi po i verifikohet prona e nj\u00eb resorti n\u00eb Divjak\u00eb, ku sipas tij \u00ebsht\u00eb streh\u00eb p\u00ebr demokratin.<\/p>\n<p>\u201cAkuza t\u00eb p\u00ebrs\u00ebritura. T\u00eb nj\u00ebjta m\u00eb t\u00eb vitit 2018. Ka nj\u00eb vendim t\u00eb prokuroris\u00eb 15 korrik 2019 ku figura ime \u00ebsht\u00eb e past\u00ebr, pas kontrolleve brenda dhe jasht\u00eb shtetit. Akuzat p\u00ebr shkak t\u00eb nj\u00eb an\u00ebtari t\u00eb k\u00ebshillit komb\u00ebtar t\u00eb PD, Dritan St\u00ebrkaj.<\/p>\n<p>Resorti i tij Divjaka resort streh\u00eb e Gazmend Bardhit. Ashtu si i kam kallzuar n\u00eb prokurori, do t\u2019i kall\u00ebzoj s\u00ebrish! Gaz Bardhi do t\u00eb m\u00eb shantazhojn\u00eb, sepse po verifikoj pronat e Divjaka resort\u201d, tha kryebashkiaku p\u00ebr \u201cNews24\u201d.<\/p>\n","protected":false},"excerpt":{"rendered":"<p>Kryebashkiaku i Divjak\u00ebs, Fredi Kokoneshi, ka reaguar s\u00ebrish lidhur me akuzat e deputet\u00ebve t\u00eb Partis\u00eb Demokratike, t\u00eb cil\u00ebt i k\u00ebrkuan Prokuroris\u00eb \u00ebs\u00eb P\u00ebrgjithshme ta hetojn\u00eb pasi sipas tyre rezulton t\u00eb jet\u00eb i p\u00ebrfshir\u00eb n\u00eb prostitucion. Kokoneshi thot\u00eb se k\u00ebto jan\u00eb akuza t\u00eb p\u00ebrs\u00ebritura t\u00eb vitit 2018, duke shtuar s\u00eb n\u00eb nj\u00eb vendim t\u00eb prokuroris\u00eb n\u00eb [&hellip;]<\/p>\n","protected":false},"author":2,"featured_media":10411,"comment_status":"open","ping_status":"open","sticky":false,"template":"","format":"standard","meta":{"footnotes":""},"categories":[9],"tags":[27],"class_list":{"0":"post-10410","1":"post","2":"type-post","3":"status-publish","4":"format-standard","5":"has-post-thumbnail","7":"category-politika","8":"tag-lajme"},"_links":{"self":[{"href":"https:\/\/neutrale.al\/index.php\/wp-json\/wp\/v2\/posts\/10410","targetHints":{"allow":["GET"]}}],"collection":[{"href":"https:\/\/neutrale.al\/index.php\/wp-json\/wp\/v2\/posts"}],"about":[{"href":"https:\/\/neutrale.al\/index.php\/wp-json\/wp\/v2\/types\/post"}],"author":[{"embeddable":true,"href":"https:\/\/neutrale.al\/index.php\/wp-json\/wp\/v2\/users\/2"}],"replies":[{"embeddable":true,"href":"https:\/\/neutrale.al\/index.php\/wp-json\/wp\/v2\/comments?post=10410"}],"version-history":[{"count":1,"href":"https:\/\/neutrale.al\/index.php\/wp-json\/wp\/v2\/posts\/10410\/revisions"}],"predecessor-version":[{"id":10412,"href":"https:\/\/neutrale.al\/index.php\/wp-json\/wp\/v2\/posts\/10410\/revisions\/10412"}],"wp:featuredmedia":[{"embeddable":true,"href":"https:\/\/neutrale.al\/index.php\/wp-json\/wp\/v2\/media\/10411"}],"wp:attachment":[{"href":"https:\/\/neutrale.al\/index.php\/wp-json\/wp\/v2\/media?parent=10410"}],"wp:term":[{"taxonomy":"category","embeddable":true,"href":"https:\/\/neutrale.al\/index.php\/wp-json\/wp\/v2\/categories?post=10410"},{"taxonomy":"post_tag","embeddable":true,"href":"https:\/\/neutrale.al\/index.php\/wp-json\/wp\/v2\/tags?post=10410"}],"curies":[{"name":"wp","href":"https:\/\/api.w.org\/{rel}","templated":true}]}}