{"id":10134,"date":"2022-07-20T07:57:13","date_gmt":"2022-07-20T07:57:13","guid":{"rendered":"https:\/\/neutrale.al\/?p=10134"},"modified":"2022-07-20T07:57:13","modified_gmt":"2022-07-20T07:57:13","slug":"shkoi-te-marre-nusen-e-bejne-dhendrin-per-spital","status":"publish","type":"post","link":"https:\/\/neutrale.al\/index.php\/2022\/07\/20\/shkoi-te-marre-nusen-e-bejne-dhendrin-per-spital\/","title":{"rendered":"Shkoi t\u00eb marr\u00eb nusen, e b\u00ebjn\u00eb dh\u00ebndrin p\u00ebr spital"},"content":{"rendered":"\n<p>Ngjarja ka ndodhur n\u00eb Rogov\u00eb t\u00eb Kosov\u00ebs.<br \/>\nGazeta Sinjali sot ka raportuar p\u00ebr nj\u00eb konflikt mes familjar\u00ebve q\u00eb ka ndodhur n\u00eb fshatin Rogov\u00eb t\u00eb Gjakov\u00ebs.<br \/>\n32-vje\u00e7ari nga Ferizaj kishte shkuar bashk\u00eb me babain e tij q\u00eb ta marr\u00eb bashk\u00ebshorten e cila ndodhej n\u00eb vizit\u00eb te familja e saj, por q\u00eb u sulmua fizikisht nga miqt\u00eb e tij.<br \/>\nLidhur me rastin jan\u00eb arrestuar tre persona t\u00eb dyshuar. <\/p>\n<p>Burimet e Gazet\u00ebs Sinjali brenda Prokuroris\u00eb kan\u00eb b\u00ebr\u00eb t\u00eb ditur se personat q\u00eb u arrestuan jan\u00eb\u00a0Isni Gashi 53-vje\u00e7ar\u00a0bashk\u00eb me dy djemt\u00eb e tij,\u00a0Sulltanin 32-vje\u00e7\u00a0dhe\u00a0Eduartin 20-vje\u00e7. <\/p>\n<p>M\u00ebsohet se me t\u00eb arritur n\u00eb sht\u00ebpin\u00eb e miqve n\u00eb fshatin Rogov\u00eb,\u00a032-vje\u00e7ari\u00a0u p\u00ebrfshi n\u00eb nj\u00eb debat me miqt\u00eb e tij, p\u00ebr shkak ta disa mospajtimeve <\/p>\n<p>Si pasoj\u00eb e k\u00ebsaj grindjeje p\u00ebr \u00e7\u00ebshtje ende\u00a0t\u00eb panjohura,\u00a0Isniu\u00a0bashk\u00eb me djemt\u00eb\u00a0Sulltanin\u00a0dhe\u00a0Eduartin, kan\u00eb sulmuar fizikisht dh\u00ebndrin dhe babain e tij, duke u shkaktuar l\u00ebndime trupore. <\/p>\n<p>Tre burrat e familjes\u00a0Gashi\u00a0kan\u00eb p\u00ebrfunduar n\u00eb ndalim policor p\u00ebr shkak t\u00eb sulmit ndaj dh\u00ebndrit.<br \/>\nNd\u00ebrsa ky i fundit p\u00ebrfundoi n\u00eb spital p\u00ebr t&#8217;u kuruar.<\/p>\n","protected":false},"excerpt":{"rendered":"<p>Ngjarja ka ndodhur n\u00eb Rogov\u00eb t\u00eb Kosov\u00ebs. Gazeta Sinjali sot ka raportuar p\u00ebr nj\u00eb konflikt mes familjar\u00ebve q\u00eb ka ndodhur n\u00eb fshatin Rogov\u00eb t\u00eb Gjakov\u00ebs. 32-vje\u00e7ari nga Ferizaj kishte shkuar bashk\u00eb me babain e tij q\u00eb ta marr\u00eb bashk\u00ebshorten e cila ndodhej n\u00eb vizit\u00eb te familja e saj, por q\u00eb u sulmua fizikisht nga miqt\u00eb [&hellip;]<\/p>\n","protected":false},"author":2,"featured_media":10135,"comment_status":"open","ping_status":"open","sticky":false,"template":"","format":"standard","meta":{"footnotes":""},"categories":[6],"tags":[27],"class_list":{"0":"post-10134","1":"post","2":"type-post","3":"status-publish","4":"format-standard","5":"has-post-thumbnail","7":"category-rajoni","8":"tag-lajme"},"_links":{"self":[{"href":"https:\/\/neutrale.al\/index.php\/wp-json\/wp\/v2\/posts\/10134","targetHints":{"allow":["GET"]}}],"collection":[{"href":"https:\/\/neutrale.al\/index.php\/wp-json\/wp\/v2\/posts"}],"about":[{"href":"https:\/\/neutrale.al\/index.php\/wp-json\/wp\/v2\/types\/post"}],"author":[{"embeddable":true,"href":"https:\/\/neutrale.al\/index.php\/wp-json\/wp\/v2\/users\/2"}],"replies":[{"embeddable":true,"href":"https:\/\/neutrale.al\/index.php\/wp-json\/wp\/v2\/comments?post=10134"}],"version-history":[{"count":1,"href":"https:\/\/neutrale.al\/index.php\/wp-json\/wp\/v2\/posts\/10134\/revisions"}],"predecessor-version":[{"id":10136,"href":"https:\/\/neutrale.al\/index.php\/wp-json\/wp\/v2\/posts\/10134\/revisions\/10136"}],"wp:featuredmedia":[{"embeddable":true,"href":"https:\/\/neutrale.al\/index.php\/wp-json\/wp\/v2\/media\/10135"}],"wp:attachment":[{"href":"https:\/\/neutrale.al\/index.php\/wp-json\/wp\/v2\/media?parent=10134"}],"wp:term":[{"taxonomy":"category","embeddable":true,"href":"https:\/\/neutrale.al\/index.php\/wp-json\/wp\/v2\/categories?post=10134"},{"taxonomy":"post_tag","embeddable":true,"href":"https:\/\/neutrale.al\/index.php\/wp-json\/wp\/v2\/tags?post=10134"}],"curies":[{"name":"wp","href":"https:\/\/api.w.org\/{rel}","templated":true}]}}